{"id":12256,"date":"2019-08-21T22:00:02","date_gmt":"2019-08-21T22:00:02","guid":{"rendered":"https:\/\/ceatso.com\/?p=12256"},"modified":"2020-05-26T18:18:57","modified_gmt":"2020-05-26T18:18:57","slug":"diseno_politicas_sociales_publicas","status":"publish","type":"post","link":"https:\/\/ceatso.com\/es\/diseno_politicas_sociales_publicas\/","title":{"rendered":"Especialista chileno recomienda incluir a trabajadores sociales en dise\u00f1o de pol\u00edticas sociales p\u00fablicas"},"content":{"rendered":"<p style=\"text-align: justify;\"><em>Seg\u00fan el especialista, el asistencialismo solo es una medida paliativa y cotidiana que no abona mucho para reducir el umbral de la pobreza.<\/em><\/p>\n<p style=\"text-align: justify;\">La Maestr\u00eda Latinoamericana en Trabajo Social y la Escuela de Trabajo Social de la Universidad Nacional Aut\u00f3noma de Honduras (UNAH) desarrollaron un conversatorio denominado \u201cEl trabajo social desde las diversas configuraciones sociopol\u00edticas\u201d.<\/p>\n<p style=\"text-align: justify;\">La actividad fue desarrollado por el especialista de la Universidad Tecnol\u00f3gica de Chile, Luis Marcelo Torres Fuentes, quien posee un doctorado en an\u00e1lisis de procesos sociales en sociedades avanzadas y es autor de varios libros sobre la tem\u00e1tica del trabajo social.<\/p>\n<p style=\"text-align: justify;\">En su intervenci\u00f3n, Torres Fuentes expres\u00f3 que \u201clas configuraciones sociopol\u00edticas del trabajo social tienen que ver con la multimencionalidad de la realidad social, o los diferentes escenarios donde el trabajo social que se tensiona con los proyectos pol\u00edticos y estructuras de poder que van afectado la acci\u00f3n y el ejercicio profesional\u201d.<\/p>\n<p style=\"text-align: justify;\"><strong>Argumentos<\/strong><\/p>\n<p style=\"text-align: justify;\">El especialista dijo que las estructuras de poder influyen en la acci\u00f3n profesional del trabajador social porque no se incluye al mismo en la planificaci\u00f3n de programas sociales, su participaci\u00f3n es de ejecutor. \u201cHemos perdido el espacio de ser parte del dise\u00f1o de las pol\u00edticas sociales y de las tomas de decisiones seg\u00fan los requerimientos locales y no en funci\u00f3n de los requerimientos de un Estado&#8221;.<\/p>\n<p style=\"text-align: justify;\">Estos programas sociales, Torres Fuentes los llam\u00f3 asistencialismo, cuando el Estado subsidiario busca resolver necesidades puntuales a las personas que se encuentran en condici\u00f3n de pobreza, pero que no resuelven por completo dichas necesidades.<\/p>\n<p style=\"text-align: justify;\">A su vez, critic\u00f3 el modelo neoliberal que se implant\u00f3 en Latinoam\u00e9rica durante la \u201cGuerra Fr\u00eda\u201d, donde, si bien es cierto los Estados han inyectado m\u00e1s recursos a los programas sociales y en alg\u00fan momento han bajado las brechas de pobreza, hoy en d\u00eda las mediciones de los \u00faltimos 10 a\u00f1os en el tema de pobreza indican que se ha mantenido y se han aumentado las condiciones de indigencia y desigualdad.<\/p>\n<p style=\"text-align: justify;\">\u201cEso significa que la pol\u00edtica social que se est\u00e1 ejecutando no tiene los mismos efectos del que tuvo en el advenimiento de la democracia, los Estados se han paralizado promoviendo una pol\u00edtica social que no responde a la heterogeneidad social que tenemos en Am\u00e9rica Latina\u201d, sostuvo Torres Fuentes.<\/p>\n<p style=\"text-align: justify;\">Recomend\u00f3 que los Estados tomen modelos que sean compatibles con el crecimiento econ\u00f3mico, el desarrollo de las personas y el cuidado del ambiente, donde los pol\u00edticos integren a expertos en trabajo social con claridad para trabajar en proyectos de desarrollo humano sostenible.<\/p>\n<p style=\"text-align: justify;\">Por su parte, Yolanda Molina, jefa del Departamento de Trabajo Social, expres\u00f3 que esta conferencia de Torres Fuentes fue de mucha importancia porque el contexto hondure\u00f1o en el tema social transita por una situaci\u00f3n dif\u00edcil.<\/p>","protected":false},"excerpt":{"rendered":"<p>Seg\u00fan el especialista, el asistencialismo solo es una medida paliativa y cotidiana que no abona mucho para reducir el umbral de la pobreza. La Maestr\u00eda Latinoamericana en Trabajo Social y la Escuela de Trabajo Social de la Universidad Nacional Aut\u00f3noma &hellip; <\/p>","protected":false},"author":1,"featured_media":13877,"comment_status":"open","ping_status":"open","sticky":false,"template":"","format":"standard","meta":{"_bbp_topic_count":0,"_bbp_reply_count":0,"_bbp_total_topic_count":0,"_bbp_total_reply_count":0,"_bbp_voice_count":0,"_bbp_anonymous_reply_count":0,"_bbp_topic_count_hidden":0,"_bbp_reply_count_hidden":0,"_bbp_forum_subforum_count":0,"pmpro_default_level":"","footnotes":""},"categories":[6549],"tags":[],"class_list":["post-12256","post","type-post","status-publish","format-standard","has-post-thumbnail","hentry","category-noticias","pmpro-has-access"],"yoast_head":"<!-- This site is optimized with the Yoast SEO plugin v25.3 - https:\/\/yoast.com\/wordpress\/plugins\/seo\/ -->\n<title>Especialista chileno recomienda incluir a trabajadores sociales en dise\u00f1o de pol\u00edticas sociales p\u00fablicas - CEATSO<\/title>\n<meta name=\"robots\" content=\"index, follow, max-snippet:-1, max-image-preview:large, max-video-preview:-1\" \/>\n<link rel=\"canonical\" href=\"https:\/\/ceatso.com\/es\/diseno_politicas_sociales_publicas\/\" \/>\n<meta property=\"og:locale\" content=\"es_ES\" \/>\n<meta property=\"og:type\" content=\"article\" \/>\n<meta property=\"og:title\" content=\"Especialista chileno recomienda incluir a trabajadores sociales en dise\u00f1o de pol\u00edticas sociales p\u00fablicas - CEATSO\" \/>\n<meta property=\"og:description\" content=\"Seg\u00fan el especialista, el asistencialismo solo es una medida paliativa y cotidiana que no abona mucho para reducir el umbral de la pobreza. La Maestr\u00eda Latinoamericana en Trabajo Social y la Escuela de Trabajo Social de la Universidad Nacional Aut\u00f3noma &hellip;\" \/>\n<meta property=\"og:url\" content=\"https:\/\/ceatso.com\/es\/diseno_politicas_sociales_publicas\/\" \/>\n<meta property=\"og:site_name\" content=\"CEATSO\" \/>\n<meta property=\"article:published_time\" content=\"2019-08-21T22:00:02+00:00\" \/>\n<meta property=\"article:modified_time\" content=\"2020-05-26T18:18:57+00:00\" \/>\n<meta property=\"og:image\" content=\"https:\/\/ceatso.com\/wp-content\/uploads\/2019\/08\/Articulo-especialista-chileno-min.jpg\" \/>\n\t<meta property=\"og:image:width\" content=\"1080\" \/>\n\t<meta property=\"og:image:height\" content=\"570\" \/>\n\t<meta property=\"og:image:type\" content=\"image\/jpeg\" \/>\n<meta name=\"author\" content=\"Dr. Marcelo Torres F.\" \/>\n<meta name=\"twitter:card\" content=\"summary_large_image\" \/>\n<meta name=\"twitter:label1\" content=\"Escrito por\" \/>\n\t<meta name=\"twitter:data1\" content=\"Dr. Marcelo Torres F.\" \/>\n\t<meta name=\"twitter:label2\" content=\"Tiempo de lectura\" \/>\n\t<meta name=\"twitter:data2\" content=\"2 minutos\" \/>\n<script type=\"application\/ld+json\" class=\"yoast-schema-graph\">{\"@context\":\"https:\/\/schema.org\",\"@graph\":[{\"@type\":\"Article\",\"@id\":\"https:\/\/ceatso.com\/diseno_politicas_sociales_publicas\/#article\",\"isPartOf\":{\"@id\":\"https:\/\/ceatso.com\/diseno_politicas_sociales_publicas\/\"},\"author\":{\"name\":\"Dr. Marcelo Torres F.\",\"@id\":\"https:\/\/ceatso.com\/#\/schema\/person\/e053105cf88080646e567c56f5650eae\"},\"headline\":\"Especialista chileno recomienda incluir a trabajadores sociales en dise\u00f1o de pol\u00edticas sociales p\u00fablicas\",\"datePublished\":\"2019-08-21T22:00:02+00:00\",\"dateModified\":\"2020-05-26T18:18:57+00:00\",\"mainEntityOfPage\":{\"@id\":\"https:\/\/ceatso.com\/diseno_politicas_sociales_publicas\/\"},\"wordCount\":492,\"commentCount\":0,\"publisher\":{\"@id\":\"https:\/\/ceatso.com\/#organization\"},\"image\":{\"@id\":\"https:\/\/ceatso.com\/diseno_politicas_sociales_publicas\/#primaryimage\"},\"thumbnailUrl\":\"https:\/\/ceatso.com\/wp-content\/uploads\/2019\/08\/Articulo-especialista-chileno-min.jpg\",\"articleSection\":[\"Noticias\"],\"inLanguage\":\"es\"},{\"@type\":\"WebPage\",\"@id\":\"https:\/\/ceatso.com\/diseno_politicas_sociales_publicas\/\",\"url\":\"https:\/\/ceatso.com\/diseno_politicas_sociales_publicas\/\",\"name\":\"Especialista chileno recomienda incluir a trabajadores sociales en dise\u00f1o de pol\u00edticas sociales p\u00fablicas - CEATSO\",\"isPartOf\":{\"@id\":\"https:\/\/ceatso.com\/#website\"},\"primaryImageOfPage\":{\"@id\":\"https:\/\/ceatso.com\/diseno_politicas_sociales_publicas\/#primaryimage\"},\"image\":{\"@id\":\"https:\/\/ceatso.com\/diseno_politicas_sociales_publicas\/#primaryimage\"},\"thumbnailUrl\":\"https:\/\/ceatso.com\/wp-content\/uploads\/2019\/08\/Articulo-especialista-chileno-min.jpg\",\"datePublished\":\"2019-08-21T22:00:02+00:00\",\"dateModified\":\"2020-05-26T18:18:57+00:00\",\"breadcrumb\":{\"@id\":\"https:\/\/ceatso.com\/diseno_politicas_sociales_publicas\/#breadcrumb\"},\"inLanguage\":\"es\",\"potentialAction\":[{\"@type\":\"ReadAction\",\"target\":[\"https:\/\/ceatso.com\/diseno_politicas_sociales_publicas\/\"]}]},{\"@type\":\"ImageObject\",\"inLanguage\":\"es\",\"@id\":\"https:\/\/ceatso.com\/diseno_politicas_sociales_publicas\/#primaryimage\",\"url\":\"https:\/\/ceatso.com\/wp-content\/uploads\/2019\/08\/Articulo-especialista-chileno-min.jpg\",\"contentUrl\":\"https:\/\/ceatso.com\/wp-content\/uploads\/2019\/08\/Articulo-especialista-chileno-min.jpg\",\"width\":1080,\"height\":570},{\"@type\":\"BreadcrumbList\",\"@id\":\"https:\/\/ceatso.com\/diseno_politicas_sociales_publicas\/#breadcrumb\",\"itemListElement\":[{\"@type\":\"ListItem\",\"position\":1,\"name\":\"Portada\",\"item\":\"https:\/\/ceatso.com\/\"},{\"@type\":\"ListItem\",\"position\":2,\"name\":\"Especialista chileno recomienda incluir a trabajadores sociales en dise\u00f1o de pol\u00edticas sociales p\u00fablicas\"}]},{\"@type\":\"WebSite\",\"@id\":\"https:\/\/ceatso.com\/#website\",\"url\":\"https:\/\/ceatso.com\/\",\"name\":\"CEATSO\",\"description\":\"Corporacion de Estudios Avanzados en Trabajo Social\",\"publisher\":{\"@id\":\"https:\/\/ceatso.com\/#organization\"},\"potentialAction\":[{\"@type\":\"SearchAction\",\"target\":{\"@type\":\"EntryPoint\",\"urlTemplate\":\"https:\/\/ceatso.com\/?s={search_term_string}\"},\"query-input\":{\"@type\":\"PropertyValueSpecification\",\"valueRequired\":true,\"valueName\":\"search_term_string\"}}],\"inLanguage\":\"es\"},{\"@type\":\"Organization\",\"@id\":\"https:\/\/ceatso.com\/#organization\",\"name\":\"Corporaci\u00f3n de Estudios Avanzados En Trabajo Social | CEATSO\",\"url\":\"https:\/\/ceatso.com\/\",\"logo\":{\"@type\":\"ImageObject\",\"inLanguage\":\"es\",\"@id\":\"https:\/\/ceatso.com\/#\/schema\/logo\/image\/\",\"url\":\"https:\/\/ceatso.com\/wp-content\/uploads\/2019\/05\/Logro-Negro.png\",\"contentUrl\":\"https:\/\/ceatso.com\/wp-content\/uploads\/2019\/05\/Logro-Negro.png\",\"width\":569,\"height\":164,\"caption\":\"Corporaci\u00f3n de Estudios Avanzados En Trabajo Social | CEATSO\"},\"image\":{\"@id\":\"https:\/\/ceatso.com\/#\/schema\/logo\/image\/\"}},{\"@type\":\"Person\",\"@id\":\"https:\/\/ceatso.com\/#\/schema\/person\/e053105cf88080646e567c56f5650eae\",\"name\":\"Dr. Marcelo Torres F.\",\"image\":{\"@type\":\"ImageObject\",\"inLanguage\":\"es\",\"@id\":\"https:\/\/ceatso.com\/#\/schema\/person\/image\/\",\"url\":\"https:\/\/secure.gravatar.com\/avatar\/54cbfc5ddca605f895265c639a9a5b90785a9be3ac405613fd4922f6334b8f44?s=96&d=mm&r=g\",\"contentUrl\":\"https:\/\/secure.gravatar.com\/avatar\/54cbfc5ddca605f895265c639a9a5b90785a9be3ac405613fd4922f6334b8f44?s=96&d=mm&r=g\",\"caption\":\"Dr. Marcelo Torres F.\"},\"url\":\"https:\/\/ceatso.com\/es\/author\/admin\/\"}]}<\/script>\n<!-- \/ Yoast SEO plugin. -->","yoast_head_json":{"title":"Especialista chileno recomienda incluir a trabajadores sociales en dise\u00f1o de pol\u00edticas sociales p\u00fablicas - CEATSO","robots":{"index":"index","follow":"follow","max-snippet":"max-snippet:-1","max-image-preview":"max-image-preview:large","max-video-preview":"max-video-preview:-1"},"canonical":"https:\/\/ceatso.com\/es\/diseno_politicas_sociales_publicas\/","og_locale":"es_ES","og_type":"article","og_title":"Especialista chileno recomienda incluir a trabajadores sociales en dise\u00f1o de pol\u00edticas sociales p\u00fablicas - CEATSO","og_description":"Seg\u00fan el especialista, el asistencialismo solo es una medida paliativa y cotidiana que no abona mucho para reducir el umbral de la pobreza. La Maestr\u00eda Latinoamericana en Trabajo Social y la Escuela de Trabajo Social de la Universidad Nacional Aut\u00f3noma &hellip;","og_url":"https:\/\/ceatso.com\/es\/diseno_politicas_sociales_publicas\/","og_site_name":"CEATSO","article_published_time":"2019-08-21T22:00:02+00:00","article_modified_time":"2020-05-26T18:18:57+00:00","og_image":[{"width":1080,"height":570,"url":"https:\/\/ceatso.com\/wp-content\/uploads\/2019\/08\/Articulo-especialista-chileno-min.jpg","type":"image\/jpeg"}],"author":"Dr. Marcelo Torres F.","twitter_card":"summary_large_image","twitter_misc":{"Escrito por":"Dr. Marcelo Torres F.","Tiempo de lectura":"2 minutos"},"schema":{"@context":"https:\/\/schema.org","@graph":[{"@type":"Article","@id":"https:\/\/ceatso.com\/diseno_politicas_sociales_publicas\/#article","isPartOf":{"@id":"https:\/\/ceatso.com\/diseno_politicas_sociales_publicas\/"},"author":{"name":"Dr. Marcelo Torres F.","@id":"https:\/\/ceatso.com\/#\/schema\/person\/e053105cf88080646e567c56f5650eae"},"headline":"Especialista chileno recomienda incluir a trabajadores sociales en dise\u00f1o de pol\u00edticas sociales p\u00fablicas","datePublished":"2019-08-21T22:00:02+00:00","dateModified":"2020-05-26T18:18:57+00:00","mainEntityOfPage":{"@id":"https:\/\/ceatso.com\/diseno_politicas_sociales_publicas\/"},"wordCount":492,"commentCount":0,"publisher":{"@id":"https:\/\/ceatso.com\/#organization"},"image":{"@id":"https:\/\/ceatso.com\/diseno_politicas_sociales_publicas\/#primaryimage"},"thumbnailUrl":"https:\/\/ceatso.com\/wp-content\/uploads\/2019\/08\/Articulo-especialista-chileno-min.jpg","articleSection":["Noticias"],"inLanguage":"es"},{"@type":"WebPage","@id":"https:\/\/ceatso.com\/diseno_politicas_sociales_publicas\/","url":"https:\/\/ceatso.com\/diseno_politicas_sociales_publicas\/","name":"Especialista chileno recomienda incluir a trabajadores sociales en dise\u00f1o de pol\u00edticas sociales p\u00fablicas - CEATSO","isPartOf":{"@id":"https:\/\/ceatso.com\/#website"},"primaryImageOfPage":{"@id":"https:\/\/ceatso.com\/diseno_politicas_sociales_publicas\/#primaryimage"},"image":{"@id":"https:\/\/ceatso.com\/diseno_politicas_sociales_publicas\/#primaryimage"},"thumbnailUrl":"https:\/\/ceatso.com\/wp-content\/uploads\/2019\/08\/Articulo-especialista-chileno-min.jpg","datePublished":"2019-08-21T22:00:02+00:00","dateModified":"2020-05-26T18:18:57+00:00","breadcrumb":{"@id":"https:\/\/ceatso.com\/diseno_politicas_sociales_publicas\/#breadcrumb"},"inLanguage":"es","potentialAction":[{"@type":"ReadAction","target":["https:\/\/ceatso.com\/diseno_politicas_sociales_publicas\/"]}]},{"@type":"ImageObject","inLanguage":"es","@id":"https:\/\/ceatso.com\/diseno_politicas_sociales_publicas\/#primaryimage","url":"https:\/\/ceatso.com\/wp-content\/uploads\/2019\/08\/Articulo-especialista-chileno-min.jpg","contentUrl":"https:\/\/ceatso.com\/wp-content\/uploads\/2019\/08\/Articulo-especialista-chileno-min.jpg","width":1080,"height":570},{"@type":"BreadcrumbList","@id":"https:\/\/ceatso.com\/diseno_politicas_sociales_publicas\/#breadcrumb","itemListElement":[{"@type":"ListItem","position":1,"name":"Portada","item":"https:\/\/ceatso.com\/"},{"@type":"ListItem","position":2,"name":"Especialista chileno recomienda incluir a trabajadores sociales en dise\u00f1o de pol\u00edticas sociales p\u00fablicas"}]},{"@type":"WebSite","@id":"https:\/\/ceatso.com\/#website","url":"https:\/\/ceatso.com\/","name":"CEATSO","description":"Corporacion de Estudios Avanzados en Trabajo Social","publisher":{"@id":"https:\/\/ceatso.com\/#organization"},"potentialAction":[{"@type":"SearchAction","target":{"@type":"EntryPoint","urlTemplate":"https:\/\/ceatso.com\/?s={search_term_string}"},"query-input":{"@type":"PropertyValueSpecification","valueRequired":true,"valueName":"search_term_string"}}],"inLanguage":"es"},{"@type":"Organization","@id":"https:\/\/ceatso.com\/#organization","name":"Corporaci\u00f3n de Estudios Avanzados En Trabajo Social | CEATSO","url":"https:\/\/ceatso.com\/","logo":{"@type":"ImageObject","inLanguage":"es","@id":"https:\/\/ceatso.com\/#\/schema\/logo\/image\/","url":"https:\/\/ceatso.com\/wp-content\/uploads\/2019\/05\/Logro-Negro.png","contentUrl":"https:\/\/ceatso.com\/wp-content\/uploads\/2019\/05\/Logro-Negro.png","width":569,"height":164,"caption":"Corporaci\u00f3n de Estudios Avanzados En Trabajo Social | CEATSO"},"image":{"@id":"https:\/\/ceatso.com\/#\/schema\/logo\/image\/"}},{"@type":"Person","@id":"https:\/\/ceatso.com\/#\/schema\/person\/e053105cf88080646e567c56f5650eae","name":"Dr. Marcelo Torres F.","image":{"@type":"ImageObject","inLanguage":"es","@id":"https:\/\/ceatso.com\/#\/schema\/person\/image\/","url":"https:\/\/secure.gravatar.com\/avatar\/54cbfc5ddca605f895265c639a9a5b90785a9be3ac405613fd4922f6334b8f44?s=96&d=mm&r=g","contentUrl":"https:\/\/secure.gravatar.com\/avatar\/54cbfc5ddca605f895265c639a9a5b90785a9be3ac405613fd4922f6334b8f44?s=96&d=mm&r=g","caption":"Dr. Marcelo Torres F."},"url":"https:\/\/ceatso.com\/es\/author\/admin\/"}]}},"_links":{"self":[{"href":"https:\/\/ceatso.com\/es\/wp-json\/wp\/v2\/posts\/12256","targetHints":{"allow":["GET"]}}],"collection":[{"href":"https:\/\/ceatso.com\/es\/wp-json\/wp\/v2\/posts"}],"about":[{"href":"https:\/\/ceatso.com\/es\/wp-json\/wp\/v2\/types\/post"}],"author":[{"embeddable":true,"href":"https:\/\/ceatso.com\/es\/wp-json\/wp\/v2\/users\/1"}],"replies":[{"embeddable":true,"href":"https:\/\/ceatso.com\/es\/wp-json\/wp\/v2\/comments?post=12256"}],"version-history":[{"count":2,"href":"https:\/\/ceatso.com\/es\/wp-json\/wp\/v2\/posts\/12256\/revisions"}],"predecessor-version":[{"id":13878,"href":"https:\/\/ceatso.com\/es\/wp-json\/wp\/v2\/posts\/12256\/revisions\/13878"}],"wp:featuredmedia":[{"embeddable":true,"href":"https:\/\/ceatso.com\/es\/wp-json\/wp\/v2\/media\/13877"}],"wp:attachment":[{"href":"https:\/\/ceatso.com\/es\/wp-json\/wp\/v2\/media?parent=12256"}],"wp:term":[{"taxonomy":"category","embeddable":true,"href":"https:\/\/ceatso.com\/es\/wp-json\/wp\/v2\/categories?post=12256"},{"taxonomy":"post_tag","embeddable":true,"href":"https:\/\/ceatso.com\/es\/wp-json\/wp\/v2\/tags?post=12256"}],"curies":[{"name":"wp","href":"https:\/\/api.w.org\/{rel}","templated":true}]}}