{"id":13552,"date":"2020-03-22T03:08:27","date_gmt":"2020-03-22T03:08:27","guid":{"rendered":"https:\/\/ceatso.com\/?p=13552"},"modified":"2020-03-26T00:16:15","modified_gmt":"2020-03-26T00:16:15","slug":"fallecimiento-de-marco-marchioni","status":"publish","type":"post","link":"https:\/\/ceatso.com\/es\/fallecimiento-de-marco-marchioni\/","title":{"rendered":"CEATSO lamenta el sensible fallecimiento de Marco Marchioni, Soci\u00f3logo, Premio Nacional de Trabajo Social 2017 y defensor de la Democracia Participativa."},"content":{"rendered":"<p>El pasado Domingo fallece <strong>Marco Marchioni,<\/strong> Soci\u00f3logo Italiano a los 83 a\u00f1os de edad. Considerado un referente en Trabajo Social en Espa\u00f1a y fiel defensor de la democracia participativa. Como CEATSO lamentamos el sensible fallecimiento de quien fuera el impulsor del proyecto comunitario\u00a0de los barrios de Las Remudas, La Pardilla y un referente social en Canarias, Espa\u00f1a.<\/p>\n<p><span lang=\"ES\">Se resalta la importante labor que desarroll\u00f3 Marchioni en el municipio de Telde no solo al frente de esta iniciativa, sino como activista social que siempre dedic\u00f3 su vida profesional y personal a apoyar a las personas m\u00e1s vulnerables, as\u00ed como defensor del papel que desarrollan las instigaciones, junto a la sociedad civil y los profesionales en el desarrollo comunitario.\u00a0<\/span><\/p>\n<p><span lang=\"ES\">Marchioni fue un trabajador e investigador social conocido internacionalmente por sus aportaciones tanto pr\u00e1cticas como te\u00f3ricas en el campo de la intervenci\u00f3n comunitaria, as\u00ed como por su actividad docente y divulgativa. Tras una amplia trayectoria en su pa\u00eds natal, Italia, se traslad\u00f3 a Espa\u00f1a en los a\u00f1os 70 donde impuls\u00f3 diversos proyectos comunitarios, aunque tambi\u00e9n intervino en otros pa\u00edses europeos y latinoamericanos.\u00a0<\/span><\/p>\n<p><span lang=\"ES\"><u><\/u>\u00a0<u><\/u><\/span><span lang=\"ES\">Defensor de la democracia participativa, se traslad\u00f3 a Canarias hace treinta a\u00f1os para participar como asesor en proyectos y procesos comunitarios en Fuerteventura, Tenerife y Gran Canaria, concretamente en el proyecto de Participaci\u00f3n y Desarrollo Social de Las Palmas de Gran Canaria y el Proyecto El Patio, en Las Remudas y La Pardilla. Esta \u00faltima iniciativa gan\u00f3 el Premio Reina Sof\u00eda 2008 en el \u00e1mbito educativo y comunitario, entre otros reconocimientos, por la importante labor que desarrolla contra la violencia juvenil a trav\u00e9s de la creaci\u00f3n de una comunidad organizada y participativa que transforma a los j\u00f3venes en un recurso positivo para la mejora de la comunidad.\u00a0<\/span><\/p>\n<p><span lang=\"ES\">El Gobierno local traslada sus condolencias a la familia y amigos de Marco Marchioni y conf\u00eda en que el legado que este trabajador social dej\u00f3 a quienes trabajaron a su lado permanezca inalterable al servicio de la comunidad.<\/span><\/p>\n<p><strong>Fuente: Que.es<\/strong><\/p>","protected":false},"excerpt":{"rendered":"<p>El pasado Domingo fallece Marco Marchioni, Soci\u00f3logo Italiano a los 83 a\u00f1os de edad. Considerado un referente en Trabajo Social en Espa\u00f1a y fiel defensor de la democracia participativa. Como CEATSO lamentamos el sensible fallecimiento de quien fuera el impulsor &hellip; <\/p>","protected":false},"author":1,"featured_media":13559,"comment_status":"open","ping_status":"open","sticky":false,"template":"","format":"standard","meta":{"_bbp_topic_count":0,"_bbp_reply_count":0,"_bbp_total_topic_count":0,"_bbp_total_reply_count":0,"_bbp_voice_count":0,"_bbp_anonymous_reply_count":0,"_bbp_topic_count_hidden":0,"_bbp_reply_count_hidden":0,"_bbp_forum_subforum_count":0,"pmpro_default_level":"","footnotes":""},"categories":[6549],"tags":[],"class_list":["post-13552","post","type-post","status-publish","format-standard","has-post-thumbnail","hentry","category-noticias","pmpro-has-access"],"yoast_head":"<!-- This site is optimized with the Yoast SEO plugin v25.3 - https:\/\/yoast.com\/wordpress\/plugins\/seo\/ -->\n<title>CEATSO lamenta el sensible fallecimiento de Marco Marchioni, Soci\u00f3logo, Premio Nacional de Trabajo Social 2017 y defensor de la Democracia Participativa. - CEATSO<\/title>\n<meta name=\"robots\" content=\"index, follow, max-snippet:-1, max-image-preview:large, max-video-preview:-1\" \/>\n<link rel=\"canonical\" href=\"https:\/\/ceatso.com\/es\/fallecimiento-de-marco-marchioni\/\" \/>\n<meta property=\"og:locale\" content=\"es_ES\" \/>\n<meta property=\"og:type\" content=\"article\" \/>\n<meta property=\"og:title\" content=\"CEATSO lamenta el sensible fallecimiento de Marco Marchioni, Soci\u00f3logo, Premio Nacional de Trabajo Social 2017 y defensor de la Democracia Participativa. - CEATSO\" \/>\n<meta property=\"og:description\" content=\"El pasado Domingo fallece Marco Marchioni, Soci\u00f3logo Italiano a los 83 a\u00f1os de edad. Considerado un referente en Trabajo Social en Espa\u00f1a y fiel defensor de la democracia participativa. Como CEATSO lamentamos el sensible fallecimiento de quien fuera el impulsor &hellip;\" \/>\n<meta property=\"og:url\" content=\"https:\/\/ceatso.com\/es\/fallecimiento-de-marco-marchioni\/\" \/>\n<meta property=\"og:site_name\" content=\"CEATSO\" \/>\n<meta property=\"article:published_time\" content=\"2020-03-22T03:08:27+00:00\" \/>\n<meta property=\"article:modified_time\" content=\"2020-03-26T00:16:15+00:00\" \/>\n<meta property=\"og:image\" content=\"https:\/\/ceatso.com\/wp-content\/uploads\/2020\/03\/Portada_Articulo-6.png\" \/>\n\t<meta property=\"og:image:width\" content=\"930\" \/>\n\t<meta property=\"og:image:height\" content=\"550\" \/>\n\t<meta property=\"og:image:type\" content=\"image\/png\" \/>\n<meta name=\"author\" content=\"Dr. Marcelo Torres F.\" \/>\n<meta name=\"twitter:card\" content=\"summary_large_image\" \/>\n<meta name=\"twitter:label1\" content=\"Escrito por\" \/>\n\t<meta name=\"twitter:data1\" content=\"Dr. Marcelo Torres F.\" \/>\n\t<meta name=\"twitter:label2\" content=\"Tiempo de lectura\" \/>\n\t<meta name=\"twitter:data2\" content=\"2 minutos\" \/>\n<script type=\"application\/ld+json\" class=\"yoast-schema-graph\">{\"@context\":\"https:\/\/schema.org\",\"@graph\":[{\"@type\":\"Article\",\"@id\":\"https:\/\/ceatso.com\/fallecimiento-de-marco-marchioni\/#article\",\"isPartOf\":{\"@id\":\"https:\/\/ceatso.com\/fallecimiento-de-marco-marchioni\/\"},\"author\":{\"name\":\"Dr. Marcelo Torres F.\",\"@id\":\"https:\/\/ceatso.com\/#\/schema\/person\/e053105cf88080646e567c56f5650eae\"},\"headline\":\"CEATSO lamenta el sensible fallecimiento de Marco Marchioni, Soci\u00f3logo, Premio Nacional de Trabajo Social 2017 y defensor de la Democracia Participativa.\",\"datePublished\":\"2020-03-22T03:08:27+00:00\",\"dateModified\":\"2020-03-26T00:16:15+00:00\",\"mainEntityOfPage\":{\"@id\":\"https:\/\/ceatso.com\/fallecimiento-de-marco-marchioni\/\"},\"wordCount\":366,\"commentCount\":0,\"publisher\":{\"@id\":\"https:\/\/ceatso.com\/#organization\"},\"image\":{\"@id\":\"https:\/\/ceatso.com\/fallecimiento-de-marco-marchioni\/#primaryimage\"},\"thumbnailUrl\":\"https:\/\/ceatso.com\/wp-content\/uploads\/2020\/03\/Portada_Articulo-6.png\",\"articleSection\":[\"Noticias\"],\"inLanguage\":\"es\"},{\"@type\":\"WebPage\",\"@id\":\"https:\/\/ceatso.com\/fallecimiento-de-marco-marchioni\/\",\"url\":\"https:\/\/ceatso.com\/fallecimiento-de-marco-marchioni\/\",\"name\":\"CEATSO lamenta el sensible fallecimiento de Marco Marchioni, Soci\u00f3logo, Premio Nacional de Trabajo Social 2017 y defensor de la Democracia Participativa. - CEATSO\",\"isPartOf\":{\"@id\":\"https:\/\/ceatso.com\/#website\"},\"primaryImageOfPage\":{\"@id\":\"https:\/\/ceatso.com\/fallecimiento-de-marco-marchioni\/#primaryimage\"},\"image\":{\"@id\":\"https:\/\/ceatso.com\/fallecimiento-de-marco-marchioni\/#primaryimage\"},\"thumbnailUrl\":\"https:\/\/ceatso.com\/wp-content\/uploads\/2020\/03\/Portada_Articulo-6.png\",\"datePublished\":\"2020-03-22T03:08:27+00:00\",\"dateModified\":\"2020-03-26T00:16:15+00:00\",\"breadcrumb\":{\"@id\":\"https:\/\/ceatso.com\/fallecimiento-de-marco-marchioni\/#breadcrumb\"},\"inLanguage\":\"es\",\"potentialAction\":[{\"@type\":\"ReadAction\",\"target\":[\"https:\/\/ceatso.com\/fallecimiento-de-marco-marchioni\/\"]}]},{\"@type\":\"ImageObject\",\"inLanguage\":\"es\",\"@id\":\"https:\/\/ceatso.com\/fallecimiento-de-marco-marchioni\/#primaryimage\",\"url\":\"https:\/\/ceatso.com\/wp-content\/uploads\/2020\/03\/Portada_Articulo-6.png\",\"contentUrl\":\"https:\/\/ceatso.com\/wp-content\/uploads\/2020\/03\/Portada_Articulo-6.png\",\"width\":930,\"height\":550},{\"@type\":\"BreadcrumbList\",\"@id\":\"https:\/\/ceatso.com\/fallecimiento-de-marco-marchioni\/#breadcrumb\",\"itemListElement\":[{\"@type\":\"ListItem\",\"position\":1,\"name\":\"Portada\",\"item\":\"https:\/\/ceatso.com\/\"},{\"@type\":\"ListItem\",\"position\":2,\"name\":\"CEATSO lamenta el sensible fallecimiento de Marco Marchioni, Soci\u00f3logo, Premio Nacional de Trabajo Social 2017 y defensor de la Democracia Participativa.\"}]},{\"@type\":\"WebSite\",\"@id\":\"https:\/\/ceatso.com\/#website\",\"url\":\"https:\/\/ceatso.com\/\",\"name\":\"CEATSO\",\"description\":\"Corporacion de Estudios Avanzados en Trabajo Social\",\"publisher\":{\"@id\":\"https:\/\/ceatso.com\/#organization\"},\"potentialAction\":[{\"@type\":\"SearchAction\",\"target\":{\"@type\":\"EntryPoint\",\"urlTemplate\":\"https:\/\/ceatso.com\/?s={search_term_string}\"},\"query-input\":{\"@type\":\"PropertyValueSpecification\",\"valueRequired\":true,\"valueName\":\"search_term_string\"}}],\"inLanguage\":\"es\"},{\"@type\":\"Organization\",\"@id\":\"https:\/\/ceatso.com\/#organization\",\"name\":\"Corporaci\u00f3n de Estudios Avanzados En Trabajo Social | CEATSO\",\"url\":\"https:\/\/ceatso.com\/\",\"logo\":{\"@type\":\"ImageObject\",\"inLanguage\":\"es\",\"@id\":\"https:\/\/ceatso.com\/#\/schema\/logo\/image\/\",\"url\":\"https:\/\/ceatso.com\/wp-content\/uploads\/2019\/05\/Logro-Negro.png\",\"contentUrl\":\"https:\/\/ceatso.com\/wp-content\/uploads\/2019\/05\/Logro-Negro.png\",\"width\":569,\"height\":164,\"caption\":\"Corporaci\u00f3n de Estudios Avanzados En Trabajo Social | CEATSO\"},\"image\":{\"@id\":\"https:\/\/ceatso.com\/#\/schema\/logo\/image\/\"}},{\"@type\":\"Person\",\"@id\":\"https:\/\/ceatso.com\/#\/schema\/person\/e053105cf88080646e567c56f5650eae\",\"name\":\"Dr. Marcelo Torres F.\",\"image\":{\"@type\":\"ImageObject\",\"inLanguage\":\"es\",\"@id\":\"https:\/\/ceatso.com\/#\/schema\/person\/image\/\",\"url\":\"https:\/\/secure.gravatar.com\/avatar\/54cbfc5ddca605f895265c639a9a5b90785a9be3ac405613fd4922f6334b8f44?s=96&d=mm&r=g\",\"contentUrl\":\"https:\/\/secure.gravatar.com\/avatar\/54cbfc5ddca605f895265c639a9a5b90785a9be3ac405613fd4922f6334b8f44?s=96&d=mm&r=g\",\"caption\":\"Dr. Marcelo Torres F.\"},\"url\":\"https:\/\/ceatso.com\/es\/author\/admin\/\"}]}<\/script>\n<!-- \/ Yoast SEO plugin. -->","yoast_head_json":{"title":"CEATSO lamenta el sensible fallecimiento de Marco Marchioni, Soci\u00f3logo, Premio Nacional de Trabajo Social 2017 y defensor de la Democracia Participativa. - CEATSO","robots":{"index":"index","follow":"follow","max-snippet":"max-snippet:-1","max-image-preview":"max-image-preview:large","max-video-preview":"max-video-preview:-1"},"canonical":"https:\/\/ceatso.com\/es\/fallecimiento-de-marco-marchioni\/","og_locale":"es_ES","og_type":"article","og_title":"CEATSO lamenta el sensible fallecimiento de Marco Marchioni, Soci\u00f3logo, Premio Nacional de Trabajo Social 2017 y defensor de la Democracia Participativa. - CEATSO","og_description":"El pasado Domingo fallece Marco Marchioni, Soci\u00f3logo Italiano a los 83 a\u00f1os de edad. Considerado un referente en Trabajo Social en Espa\u00f1a y fiel defensor de la democracia participativa. Como CEATSO lamentamos el sensible fallecimiento de quien fuera el impulsor &hellip;","og_url":"https:\/\/ceatso.com\/es\/fallecimiento-de-marco-marchioni\/","og_site_name":"CEATSO","article_published_time":"2020-03-22T03:08:27+00:00","article_modified_time":"2020-03-26T00:16:15+00:00","og_image":[{"width":930,"height":550,"url":"https:\/\/ceatso.com\/wp-content\/uploads\/2020\/03\/Portada_Articulo-6.png","type":"image\/png"}],"author":"Dr. Marcelo Torres F.","twitter_card":"summary_large_image","twitter_misc":{"Escrito por":"Dr. Marcelo Torres F.","Tiempo de lectura":"2 minutos"},"schema":{"@context":"https:\/\/schema.org","@graph":[{"@type":"Article","@id":"https:\/\/ceatso.com\/fallecimiento-de-marco-marchioni\/#article","isPartOf":{"@id":"https:\/\/ceatso.com\/fallecimiento-de-marco-marchioni\/"},"author":{"name":"Dr. Marcelo Torres F.","@id":"https:\/\/ceatso.com\/#\/schema\/person\/e053105cf88080646e567c56f5650eae"},"headline":"CEATSO lamenta el sensible fallecimiento de Marco Marchioni, Soci\u00f3logo, Premio Nacional de Trabajo Social 2017 y defensor de la Democracia Participativa.","datePublished":"2020-03-22T03:08:27+00:00","dateModified":"2020-03-26T00:16:15+00:00","mainEntityOfPage":{"@id":"https:\/\/ceatso.com\/fallecimiento-de-marco-marchioni\/"},"wordCount":366,"commentCount":0,"publisher":{"@id":"https:\/\/ceatso.com\/#organization"},"image":{"@id":"https:\/\/ceatso.com\/fallecimiento-de-marco-marchioni\/#primaryimage"},"thumbnailUrl":"https:\/\/ceatso.com\/wp-content\/uploads\/2020\/03\/Portada_Articulo-6.png","articleSection":["Noticias"],"inLanguage":"es"},{"@type":"WebPage","@id":"https:\/\/ceatso.com\/fallecimiento-de-marco-marchioni\/","url":"https:\/\/ceatso.com\/fallecimiento-de-marco-marchioni\/","name":"CEATSO lamenta el sensible fallecimiento de Marco Marchioni, Soci\u00f3logo, Premio Nacional de Trabajo Social 2017 y defensor de la Democracia Participativa. - CEATSO","isPartOf":{"@id":"https:\/\/ceatso.com\/#website"},"primaryImageOfPage":{"@id":"https:\/\/ceatso.com\/fallecimiento-de-marco-marchioni\/#primaryimage"},"image":{"@id":"https:\/\/ceatso.com\/fallecimiento-de-marco-marchioni\/#primaryimage"},"thumbnailUrl":"https:\/\/ceatso.com\/wp-content\/uploads\/2020\/03\/Portada_Articulo-6.png","datePublished":"2020-03-22T03:08:27+00:00","dateModified":"2020-03-26T00:16:15+00:00","breadcrumb":{"@id":"https:\/\/ceatso.com\/fallecimiento-de-marco-marchioni\/#breadcrumb"},"inLanguage":"es","potentialAction":[{"@type":"ReadAction","target":["https:\/\/ceatso.com\/fallecimiento-de-marco-marchioni\/"]}]},{"@type":"ImageObject","inLanguage":"es","@id":"https:\/\/ceatso.com\/fallecimiento-de-marco-marchioni\/#primaryimage","url":"https:\/\/ceatso.com\/wp-content\/uploads\/2020\/03\/Portada_Articulo-6.png","contentUrl":"https:\/\/ceatso.com\/wp-content\/uploads\/2020\/03\/Portada_Articulo-6.png","width":930,"height":550},{"@type":"BreadcrumbList","@id":"https:\/\/ceatso.com\/fallecimiento-de-marco-marchioni\/#breadcrumb","itemListElement":[{"@type":"ListItem","position":1,"name":"Portada","item":"https:\/\/ceatso.com\/"},{"@type":"ListItem","position":2,"name":"CEATSO lamenta el sensible fallecimiento de Marco Marchioni, Soci\u00f3logo, Premio Nacional de Trabajo Social 2017 y defensor de la Democracia Participativa."}]},{"@type":"WebSite","@id":"https:\/\/ceatso.com\/#website","url":"https:\/\/ceatso.com\/","name":"CEATSO","description":"Corporacion de Estudios Avanzados en Trabajo Social","publisher":{"@id":"https:\/\/ceatso.com\/#organization"},"potentialAction":[{"@type":"SearchAction","target":{"@type":"EntryPoint","urlTemplate":"https:\/\/ceatso.com\/?s={search_term_string}"},"query-input":{"@type":"PropertyValueSpecification","valueRequired":true,"valueName":"search_term_string"}}],"inLanguage":"es"},{"@type":"Organization","@id":"https:\/\/ceatso.com\/#organization","name":"Corporaci\u00f3n de Estudios Avanzados En Trabajo Social | CEATSO","url":"https:\/\/ceatso.com\/","logo":{"@type":"ImageObject","inLanguage":"es","@id":"https:\/\/ceatso.com\/#\/schema\/logo\/image\/","url":"https:\/\/ceatso.com\/wp-content\/uploads\/2019\/05\/Logro-Negro.png","contentUrl":"https:\/\/ceatso.com\/wp-content\/uploads\/2019\/05\/Logro-Negro.png","width":569,"height":164,"caption":"Corporaci\u00f3n de Estudios Avanzados En Trabajo Social | CEATSO"},"image":{"@id":"https:\/\/ceatso.com\/#\/schema\/logo\/image\/"}},{"@type":"Person","@id":"https:\/\/ceatso.com\/#\/schema\/person\/e053105cf88080646e567c56f5650eae","name":"Dr. Marcelo Torres F.","image":{"@type":"ImageObject","inLanguage":"es","@id":"https:\/\/ceatso.com\/#\/schema\/person\/image\/","url":"https:\/\/secure.gravatar.com\/avatar\/54cbfc5ddca605f895265c639a9a5b90785a9be3ac405613fd4922f6334b8f44?s=96&d=mm&r=g","contentUrl":"https:\/\/secure.gravatar.com\/avatar\/54cbfc5ddca605f895265c639a9a5b90785a9be3ac405613fd4922f6334b8f44?s=96&d=mm&r=g","caption":"Dr. Marcelo Torres F."},"url":"https:\/\/ceatso.com\/es\/author\/admin\/"}]}},"_links":{"self":[{"href":"https:\/\/ceatso.com\/es\/wp-json\/wp\/v2\/posts\/13552","targetHints":{"allow":["GET"]}}],"collection":[{"href":"https:\/\/ceatso.com\/es\/wp-json\/wp\/v2\/posts"}],"about":[{"href":"https:\/\/ceatso.com\/es\/wp-json\/wp\/v2\/types\/post"}],"author":[{"embeddable":true,"href":"https:\/\/ceatso.com\/es\/wp-json\/wp\/v2\/users\/1"}],"replies":[{"embeddable":true,"href":"https:\/\/ceatso.com\/es\/wp-json\/wp\/v2\/comments?post=13552"}],"version-history":[{"count":6,"href":"https:\/\/ceatso.com\/es\/wp-json\/wp\/v2\/posts\/13552\/revisions"}],"predecessor-version":[{"id":13560,"href":"https:\/\/ceatso.com\/es\/wp-json\/wp\/v2\/posts\/13552\/revisions\/13560"}],"wp:featuredmedia":[{"embeddable":true,"href":"https:\/\/ceatso.com\/es\/wp-json\/wp\/v2\/media\/13559"}],"wp:attachment":[{"href":"https:\/\/ceatso.com\/es\/wp-json\/wp\/v2\/media?parent=13552"}],"wp:term":[{"taxonomy":"category","embeddable":true,"href":"https:\/\/ceatso.com\/es\/wp-json\/wp\/v2\/categories?post=13552"},{"taxonomy":"post_tag","embeddable":true,"href":"https:\/\/ceatso.com\/es\/wp-json\/wp\/v2\/tags?post=13552"}],"curies":[{"name":"wp","href":"https:\/\/api.w.org\/{rel}","templated":true}]}}