{"id":13564,"date":"2023-06-26T22:52:23","date_gmt":"2023-06-26T22:52:23","guid":{"rendered":"https:\/\/ceatso.com\/?p=13564"},"modified":"2023-06-27T02:33:49","modified_gmt":"2023-06-27T02:33:49","slug":"articulo-reflexiones-metodologicas-y-procesos-de-accion-comunitaria-en-situaciones-de-emergencia-y-o-desastres-naturales","status":"publish","type":"post","link":"https:\/\/ceatso.com\/es\/articulo-reflexiones-metodologicas-y-procesos-de-accion-comunitaria-en-situaciones-de-emergencia-y-o-desastres-naturales\/","title":{"rendered":"Reflexiones metodol\u00f3gicas y procesos de acci\u00f3n comunitaria en situaciones de emergencia y\/o desastres naturales"},"content":{"rendered":"<p>Este art\u00edculo intenta ser un aporte a los diversos profesionales que est\u00e1n trabajando incondicionalmente por ser parte del proceso de reconstrucci\u00f3n de nuestro pa\u00eds. La tarea es larga, a\u00fan se est\u00e1 en la fase de choque, es decir, reci\u00e9n en algunos casos se est\u00e1 en la entrega de subsidios habitacionales, con ayudas concretas en la mantenci\u00f3n de las Aldeas de Emergencias a trav\u00e9s de la entrega de alimentos, vestimenta, materiales de construcci\u00f3n, etc. ello para lograr satisfacer necesidades b\u00e1sicas de primer orden. Por ende a continuaci\u00f3n se propone algunas reflexiones te\u00f3ricas y pr\u00e1cticas que pueden permitir que la acci\u00f3n social en situaciones de emergencia fortalezca procesos organizativos de las diversas comunidades afectadas directamente por \u00e9sta tragedia, es decir, como desde las diversas profesiones que solidariamente est\u00e1n insertas en los espacios locales se logra reconstruir el pa\u00eds.<\/p>\n<p>Dichas reflexiones pueden aportar a las diversas profesiones que multi e interdisciplinariamente est\u00e9n dispuestos a rescatar nuestro principal recurso LAS PERSONAS. Para ello es necesario considerar la flexibilidad y la heterogeneidad del territorio, respetando la diversidad de actores y la cultura de nuestro pa\u00eds.<\/p>\n<p>Puedes ver y descargar el art\u00edculo completo <span style=\"color: #ff8254;\"><strong><a style=\"color: #ff8254;\" href=\"https:\/\/ceatso.com\/wp-content\/uploads\/2020\/03\/SITUACIONES-DE-EMERGENCIA.pdf\">ac\u00e1<\/a><\/strong><\/span><\/p>\n<p>&nbsp;<\/p>","protected":false},"excerpt":{"rendered":"<p>Este art\u00edculo intenta ser un aporte a los diversos profesionales que est\u00e1n trabajando incondicionalmente por ser parte del proceso de reconstrucci\u00f3n de nuestro pa\u00eds. La tarea es larga, a\u00fan se est\u00e1 en la fase de choque, es decir, reci\u00e9n en &hellip; <\/p>","protected":false},"author":1,"featured_media":15507,"comment_status":"open","ping_status":"open","sticky":false,"template":"","format":"standard","meta":{"_bbp_topic_count":0,"_bbp_reply_count":0,"_bbp_total_topic_count":0,"_bbp_total_reply_count":0,"_bbp_voice_count":0,"_bbp_anonymous_reply_count":0,"_bbp_topic_count_hidden":0,"_bbp_reply_count_hidden":0,"_bbp_forum_subforum_count":0,"pmpro_default_level":"","footnotes":""},"categories":[6550],"tags":[6704,6703,6702],"class_list":["post-13564","post","type-post","status-publish","format-standard","has-post-thumbnail","hentry","category-articulos","tag-modelo-y-metodos-de-accion-social","tag-resiliencia-comunitaria","tag-territorio","pmpro-has-access"],"yoast_head":"<!-- This site is optimized with the Yoast SEO plugin v25.3 - https:\/\/yoast.com\/wordpress\/plugins\/seo\/ -->\n<title>Reflexiones metodol\u00f3gicas y procesos de acci\u00f3n comunitaria en situaciones de emergencia y\/o desastres naturales - CEATSO<\/title>\n<meta name=\"robots\" content=\"index, follow, max-snippet:-1, max-image-preview:large, max-video-preview:-1\" \/>\n<link rel=\"canonical\" href=\"https:\/\/ceatso.com\/es\/articulo-reflexiones-metodologicas-y-procesos-de-accion-comunitaria-en-situaciones-de-emergencia-y-o-desastres-naturales\/\" \/>\n<meta property=\"og:locale\" content=\"es_ES\" \/>\n<meta property=\"og:type\" content=\"article\" \/>\n<meta property=\"og:title\" content=\"Reflexiones metodol\u00f3gicas y procesos de acci\u00f3n comunitaria en situaciones de emergencia y\/o desastres naturales - CEATSO\" \/>\n<meta property=\"og:description\" content=\"Este art\u00edculo intenta ser un aporte a los diversos profesionales que est\u00e1n trabajando incondicionalmente por ser parte del proceso de reconstrucci\u00f3n de nuestro pa\u00eds. La tarea es larga, a\u00fan se est\u00e1 en la fase de choque, es decir, reci\u00e9n en &hellip;\" \/>\n<meta property=\"og:url\" content=\"https:\/\/ceatso.com\/es\/articulo-reflexiones-metodologicas-y-procesos-de-accion-comunitaria-en-situaciones-de-emergencia-y-o-desastres-naturales\/\" \/>\n<meta property=\"og:site_name\" content=\"CEATSO\" \/>\n<meta property=\"article:published_time\" content=\"2023-06-26T22:52:23+00:00\" \/>\n<meta property=\"article:modified_time\" content=\"2023-06-27T02:33:49+00:00\" \/>\n<meta property=\"og:image\" content=\"https:\/\/ceatso.com\/wp-content\/uploads\/2020\/03\/Reflexiones-metodologicas-img-destacada.png\" \/>\n\t<meta property=\"og:image:width\" content=\"1080\" \/>\n\t<meta property=\"og:image:height\" content=\"570\" \/>\n\t<meta property=\"og:image:type\" content=\"image\/png\" \/>\n<meta name=\"author\" content=\"Dr. Marcelo Torres F.\" \/>\n<meta name=\"twitter:card\" content=\"summary_large_image\" \/>\n<meta name=\"twitter:label1\" content=\"Escrito por\" \/>\n\t<meta name=\"twitter:data1\" content=\"Dr. Marcelo Torres F.\" \/>\n\t<meta name=\"twitter:label2\" content=\"Tiempo de lectura\" \/>\n\t<meta name=\"twitter:data2\" content=\"1 minuto\" \/>\n<script type=\"application\/ld+json\" class=\"yoast-schema-graph\">{\"@context\":\"https:\/\/schema.org\",\"@graph\":[{\"@type\":\"Article\",\"@id\":\"https:\/\/ceatso.com\/articulo-reflexiones-metodologicas-y-procesos-de-accion-comunitaria-en-situaciones-de-emergencia-y-o-desastres-naturales\/#article\",\"isPartOf\":{\"@id\":\"https:\/\/ceatso.com\/articulo-reflexiones-metodologicas-y-procesos-de-accion-comunitaria-en-situaciones-de-emergencia-y-o-desastres-naturales\/\"},\"author\":{\"name\":\"Dr. Marcelo Torres F.\",\"@id\":\"https:\/\/ceatso.com\/#\/schema\/person\/e053105cf88080646e567c56f5650eae\"},\"headline\":\"Reflexiones metodol\u00f3gicas y procesos de acci\u00f3n comunitaria en situaciones de emergencia y\/o desastres naturales\",\"datePublished\":\"2023-06-26T22:52:23+00:00\",\"dateModified\":\"2023-06-27T02:33:49+00:00\",\"mainEntityOfPage\":{\"@id\":\"https:\/\/ceatso.com\/articulo-reflexiones-metodologicas-y-procesos-de-accion-comunitaria-en-situaciones-de-emergencia-y-o-desastres-naturales\/\"},\"wordCount\":225,\"commentCount\":0,\"publisher\":{\"@id\":\"https:\/\/ceatso.com\/#organization\"},\"image\":{\"@id\":\"https:\/\/ceatso.com\/articulo-reflexiones-metodologicas-y-procesos-de-accion-comunitaria-en-situaciones-de-emergencia-y-o-desastres-naturales\/#primaryimage\"},\"thumbnailUrl\":\"https:\/\/ceatso.com\/wp-content\/uploads\/2020\/03\/Reflexiones-metodologicas-img-destacada.png\",\"keywords\":[\"Modelo y M\u00e9todos de acci\u00f3n social\",\"Resiliencia Comunitaria\",\"Territorio\"],\"articleSection\":[\"Art\u00edculos\"],\"inLanguage\":\"es\"},{\"@type\":\"WebPage\",\"@id\":\"https:\/\/ceatso.com\/articulo-reflexiones-metodologicas-y-procesos-de-accion-comunitaria-en-situaciones-de-emergencia-y-o-desastres-naturales\/\",\"url\":\"https:\/\/ceatso.com\/articulo-reflexiones-metodologicas-y-procesos-de-accion-comunitaria-en-situaciones-de-emergencia-y-o-desastres-naturales\/\",\"name\":\"Reflexiones metodol\u00f3gicas y procesos de acci\u00f3n comunitaria en situaciones de emergencia y\/o desastres naturales - CEATSO\",\"isPartOf\":{\"@id\":\"https:\/\/ceatso.com\/#website\"},\"primaryImageOfPage\":{\"@id\":\"https:\/\/ceatso.com\/articulo-reflexiones-metodologicas-y-procesos-de-accion-comunitaria-en-situaciones-de-emergencia-y-o-desastres-naturales\/#primaryimage\"},\"image\":{\"@id\":\"https:\/\/ceatso.com\/articulo-reflexiones-metodologicas-y-procesos-de-accion-comunitaria-en-situaciones-de-emergencia-y-o-desastres-naturales\/#primaryimage\"},\"thumbnailUrl\":\"https:\/\/ceatso.com\/wp-content\/uploads\/2020\/03\/Reflexiones-metodologicas-img-destacada.png\",\"datePublished\":\"2023-06-26T22:52:23+00:00\",\"dateModified\":\"2023-06-27T02:33:49+00:00\",\"breadcrumb\":{\"@id\":\"https:\/\/ceatso.com\/articulo-reflexiones-metodologicas-y-procesos-de-accion-comunitaria-en-situaciones-de-emergencia-y-o-desastres-naturales\/#breadcrumb\"},\"inLanguage\":\"es\",\"potentialAction\":[{\"@type\":\"ReadAction\",\"target\":[\"https:\/\/ceatso.com\/articulo-reflexiones-metodologicas-y-procesos-de-accion-comunitaria-en-situaciones-de-emergencia-y-o-desastres-naturales\/\"]}]},{\"@type\":\"ImageObject\",\"inLanguage\":\"es\",\"@id\":\"https:\/\/ceatso.com\/articulo-reflexiones-metodologicas-y-procesos-de-accion-comunitaria-en-situaciones-de-emergencia-y-o-desastres-naturales\/#primaryimage\",\"url\":\"https:\/\/ceatso.com\/wp-content\/uploads\/2020\/03\/Reflexiones-metodologicas-img-destacada.png\",\"contentUrl\":\"https:\/\/ceatso.com\/wp-content\/uploads\/2020\/03\/Reflexiones-metodologicas-img-destacada.png\",\"width\":1080,\"height\":570},{\"@type\":\"BreadcrumbList\",\"@id\":\"https:\/\/ceatso.com\/articulo-reflexiones-metodologicas-y-procesos-de-accion-comunitaria-en-situaciones-de-emergencia-y-o-desastres-naturales\/#breadcrumb\",\"itemListElement\":[{\"@type\":\"ListItem\",\"position\":1,\"name\":\"Portada\",\"item\":\"https:\/\/ceatso.com\/\"},{\"@type\":\"ListItem\",\"position\":2,\"name\":\"Reflexiones metodol\u00f3gicas y procesos de acci\u00f3n comunitaria en situaciones de emergencia y\/o desastres naturales\"}]},{\"@type\":\"WebSite\",\"@id\":\"https:\/\/ceatso.com\/#website\",\"url\":\"https:\/\/ceatso.com\/\",\"name\":\"CEATSO\",\"description\":\"Corporacion de Estudios Avanzados en Trabajo Social\",\"publisher\":{\"@id\":\"https:\/\/ceatso.com\/#organization\"},\"potentialAction\":[{\"@type\":\"SearchAction\",\"target\":{\"@type\":\"EntryPoint\",\"urlTemplate\":\"https:\/\/ceatso.com\/?s={search_term_string}\"},\"query-input\":{\"@type\":\"PropertyValueSpecification\",\"valueRequired\":true,\"valueName\":\"search_term_string\"}}],\"inLanguage\":\"es\"},{\"@type\":\"Organization\",\"@id\":\"https:\/\/ceatso.com\/#organization\",\"name\":\"Corporaci\u00f3n de Estudios Avanzados En Trabajo Social | CEATSO\",\"url\":\"https:\/\/ceatso.com\/\",\"logo\":{\"@type\":\"ImageObject\",\"inLanguage\":\"es\",\"@id\":\"https:\/\/ceatso.com\/#\/schema\/logo\/image\/\",\"url\":\"https:\/\/ceatso.com\/wp-content\/uploads\/2019\/05\/Logro-Negro.png\",\"contentUrl\":\"https:\/\/ceatso.com\/wp-content\/uploads\/2019\/05\/Logro-Negro.png\",\"width\":569,\"height\":164,\"caption\":\"Corporaci\u00f3n de Estudios Avanzados En Trabajo Social | CEATSO\"},\"image\":{\"@id\":\"https:\/\/ceatso.com\/#\/schema\/logo\/image\/\"}},{\"@type\":\"Person\",\"@id\":\"https:\/\/ceatso.com\/#\/schema\/person\/e053105cf88080646e567c56f5650eae\",\"name\":\"Dr. Marcelo Torres F.\",\"image\":{\"@type\":\"ImageObject\",\"inLanguage\":\"es\",\"@id\":\"https:\/\/ceatso.com\/#\/schema\/person\/image\/\",\"url\":\"https:\/\/secure.gravatar.com\/avatar\/54cbfc5ddca605f895265c639a9a5b90785a9be3ac405613fd4922f6334b8f44?s=96&d=mm&r=g\",\"contentUrl\":\"https:\/\/secure.gravatar.com\/avatar\/54cbfc5ddca605f895265c639a9a5b90785a9be3ac405613fd4922f6334b8f44?s=96&d=mm&r=g\",\"caption\":\"Dr. Marcelo Torres F.\"},\"url\":\"https:\/\/ceatso.com\/es\/author\/admin\/\"}]}<\/script>\n<!-- \/ Yoast SEO plugin. -->","yoast_head_json":{"title":"Reflexiones metodol\u00f3gicas y procesos de acci\u00f3n comunitaria en situaciones de emergencia y\/o desastres naturales - CEATSO","robots":{"index":"index","follow":"follow","max-snippet":"max-snippet:-1","max-image-preview":"max-image-preview:large","max-video-preview":"max-video-preview:-1"},"canonical":"https:\/\/ceatso.com\/es\/articulo-reflexiones-metodologicas-y-procesos-de-accion-comunitaria-en-situaciones-de-emergencia-y-o-desastres-naturales\/","og_locale":"es_ES","og_type":"article","og_title":"Reflexiones metodol\u00f3gicas y procesos de acci\u00f3n comunitaria en situaciones de emergencia y\/o desastres naturales - CEATSO","og_description":"Este art\u00edculo intenta ser un aporte a los diversos profesionales que est\u00e1n trabajando incondicionalmente por ser parte del proceso de reconstrucci\u00f3n de nuestro pa\u00eds. La tarea es larga, a\u00fan se est\u00e1 en la fase de choque, es decir, reci\u00e9n en &hellip;","og_url":"https:\/\/ceatso.com\/es\/articulo-reflexiones-metodologicas-y-procesos-de-accion-comunitaria-en-situaciones-de-emergencia-y-o-desastres-naturales\/","og_site_name":"CEATSO","article_published_time":"2023-06-26T22:52:23+00:00","article_modified_time":"2023-06-27T02:33:49+00:00","og_image":[{"width":1080,"height":570,"url":"https:\/\/ceatso.com\/wp-content\/uploads\/2020\/03\/Reflexiones-metodologicas-img-destacada.png","type":"image\/png"}],"author":"Dr. Marcelo Torres F.","twitter_card":"summary_large_image","twitter_misc":{"Escrito por":"Dr. Marcelo Torres F.","Tiempo de lectura":"1 minuto"},"schema":{"@context":"https:\/\/schema.org","@graph":[{"@type":"Article","@id":"https:\/\/ceatso.com\/articulo-reflexiones-metodologicas-y-procesos-de-accion-comunitaria-en-situaciones-de-emergencia-y-o-desastres-naturales\/#article","isPartOf":{"@id":"https:\/\/ceatso.com\/articulo-reflexiones-metodologicas-y-procesos-de-accion-comunitaria-en-situaciones-de-emergencia-y-o-desastres-naturales\/"},"author":{"name":"Dr. Marcelo Torres F.","@id":"https:\/\/ceatso.com\/#\/schema\/person\/e053105cf88080646e567c56f5650eae"},"headline":"Reflexiones metodol\u00f3gicas y procesos de acci\u00f3n comunitaria en situaciones de emergencia y\/o desastres naturales","datePublished":"2023-06-26T22:52:23+00:00","dateModified":"2023-06-27T02:33:49+00:00","mainEntityOfPage":{"@id":"https:\/\/ceatso.com\/articulo-reflexiones-metodologicas-y-procesos-de-accion-comunitaria-en-situaciones-de-emergencia-y-o-desastres-naturales\/"},"wordCount":225,"commentCount":0,"publisher":{"@id":"https:\/\/ceatso.com\/#organization"},"image":{"@id":"https:\/\/ceatso.com\/articulo-reflexiones-metodologicas-y-procesos-de-accion-comunitaria-en-situaciones-de-emergencia-y-o-desastres-naturales\/#primaryimage"},"thumbnailUrl":"https:\/\/ceatso.com\/wp-content\/uploads\/2020\/03\/Reflexiones-metodologicas-img-destacada.png","keywords":["Modelo y M\u00e9todos de acci\u00f3n social","Resiliencia Comunitaria","Territorio"],"articleSection":["Art\u00edculos"],"inLanguage":"es"},{"@type":"WebPage","@id":"https:\/\/ceatso.com\/articulo-reflexiones-metodologicas-y-procesos-de-accion-comunitaria-en-situaciones-de-emergencia-y-o-desastres-naturales\/","url":"https:\/\/ceatso.com\/articulo-reflexiones-metodologicas-y-procesos-de-accion-comunitaria-en-situaciones-de-emergencia-y-o-desastres-naturales\/","name":"Reflexiones metodol\u00f3gicas y procesos de acci\u00f3n comunitaria en situaciones de emergencia y\/o desastres naturales - CEATSO","isPartOf":{"@id":"https:\/\/ceatso.com\/#website"},"primaryImageOfPage":{"@id":"https:\/\/ceatso.com\/articulo-reflexiones-metodologicas-y-procesos-de-accion-comunitaria-en-situaciones-de-emergencia-y-o-desastres-naturales\/#primaryimage"},"image":{"@id":"https:\/\/ceatso.com\/articulo-reflexiones-metodologicas-y-procesos-de-accion-comunitaria-en-situaciones-de-emergencia-y-o-desastres-naturales\/#primaryimage"},"thumbnailUrl":"https:\/\/ceatso.com\/wp-content\/uploads\/2020\/03\/Reflexiones-metodologicas-img-destacada.png","datePublished":"2023-06-26T22:52:23+00:00","dateModified":"2023-06-27T02:33:49+00:00","breadcrumb":{"@id":"https:\/\/ceatso.com\/articulo-reflexiones-metodologicas-y-procesos-de-accion-comunitaria-en-situaciones-de-emergencia-y-o-desastres-naturales\/#breadcrumb"},"inLanguage":"es","potentialAction":[{"@type":"ReadAction","target":["https:\/\/ceatso.com\/articulo-reflexiones-metodologicas-y-procesos-de-accion-comunitaria-en-situaciones-de-emergencia-y-o-desastres-naturales\/"]}]},{"@type":"ImageObject","inLanguage":"es","@id":"https:\/\/ceatso.com\/articulo-reflexiones-metodologicas-y-procesos-de-accion-comunitaria-en-situaciones-de-emergencia-y-o-desastres-naturales\/#primaryimage","url":"https:\/\/ceatso.com\/wp-content\/uploads\/2020\/03\/Reflexiones-metodologicas-img-destacada.png","contentUrl":"https:\/\/ceatso.com\/wp-content\/uploads\/2020\/03\/Reflexiones-metodologicas-img-destacada.png","width":1080,"height":570},{"@type":"BreadcrumbList","@id":"https:\/\/ceatso.com\/articulo-reflexiones-metodologicas-y-procesos-de-accion-comunitaria-en-situaciones-de-emergencia-y-o-desastres-naturales\/#breadcrumb","itemListElement":[{"@type":"ListItem","position":1,"name":"Portada","item":"https:\/\/ceatso.com\/"},{"@type":"ListItem","position":2,"name":"Reflexiones metodol\u00f3gicas y procesos de acci\u00f3n comunitaria en situaciones de emergencia y\/o desastres naturales"}]},{"@type":"WebSite","@id":"https:\/\/ceatso.com\/#website","url":"https:\/\/ceatso.com\/","name":"CEATSO","description":"Corporacion de Estudios Avanzados en Trabajo Social","publisher":{"@id":"https:\/\/ceatso.com\/#organization"},"potentialAction":[{"@type":"SearchAction","target":{"@type":"EntryPoint","urlTemplate":"https:\/\/ceatso.com\/?s={search_term_string}"},"query-input":{"@type":"PropertyValueSpecification","valueRequired":true,"valueName":"search_term_string"}}],"inLanguage":"es"},{"@type":"Organization","@id":"https:\/\/ceatso.com\/#organization","name":"Corporaci\u00f3n de Estudios Avanzados En Trabajo Social | CEATSO","url":"https:\/\/ceatso.com\/","logo":{"@type":"ImageObject","inLanguage":"es","@id":"https:\/\/ceatso.com\/#\/schema\/logo\/image\/","url":"https:\/\/ceatso.com\/wp-content\/uploads\/2019\/05\/Logro-Negro.png","contentUrl":"https:\/\/ceatso.com\/wp-content\/uploads\/2019\/05\/Logro-Negro.png","width":569,"height":164,"caption":"Corporaci\u00f3n de Estudios Avanzados En Trabajo Social | CEATSO"},"image":{"@id":"https:\/\/ceatso.com\/#\/schema\/logo\/image\/"}},{"@type":"Person","@id":"https:\/\/ceatso.com\/#\/schema\/person\/e053105cf88080646e567c56f5650eae","name":"Dr. Marcelo Torres F.","image":{"@type":"ImageObject","inLanguage":"es","@id":"https:\/\/ceatso.com\/#\/schema\/person\/image\/","url":"https:\/\/secure.gravatar.com\/avatar\/54cbfc5ddca605f895265c639a9a5b90785a9be3ac405613fd4922f6334b8f44?s=96&d=mm&r=g","contentUrl":"https:\/\/secure.gravatar.com\/avatar\/54cbfc5ddca605f895265c639a9a5b90785a9be3ac405613fd4922f6334b8f44?s=96&d=mm&r=g","caption":"Dr. Marcelo Torres F."},"url":"https:\/\/ceatso.com\/es\/author\/admin\/"}]}},"_links":{"self":[{"href":"https:\/\/ceatso.com\/es\/wp-json\/wp\/v2\/posts\/13564","targetHints":{"allow":["GET"]}}],"collection":[{"href":"https:\/\/ceatso.com\/es\/wp-json\/wp\/v2\/posts"}],"about":[{"href":"https:\/\/ceatso.com\/es\/wp-json\/wp\/v2\/types\/post"}],"author":[{"embeddable":true,"href":"https:\/\/ceatso.com\/es\/wp-json\/wp\/v2\/users\/1"}],"replies":[{"embeddable":true,"href":"https:\/\/ceatso.com\/es\/wp-json\/wp\/v2\/comments?post=13564"}],"version-history":[{"count":3,"href":"https:\/\/ceatso.com\/es\/wp-json\/wp\/v2\/posts\/13564\/revisions"}],"predecessor-version":[{"id":15508,"href":"https:\/\/ceatso.com\/es\/wp-json\/wp\/v2\/posts\/13564\/revisions\/15508"}],"wp:featuredmedia":[{"embeddable":true,"href":"https:\/\/ceatso.com\/es\/wp-json\/wp\/v2\/media\/15507"}],"wp:attachment":[{"href":"https:\/\/ceatso.com\/es\/wp-json\/wp\/v2\/media?parent=13564"}],"wp:term":[{"taxonomy":"category","embeddable":true,"href":"https:\/\/ceatso.com\/es\/wp-json\/wp\/v2\/categories?post=13564"},{"taxonomy":"post_tag","embeddable":true,"href":"https:\/\/ceatso.com\/es\/wp-json\/wp\/v2\/tags?post=13564"}],"curies":[{"name":"wp","href":"https:\/\/api.w.org\/{rel}","templated":true}]}}