{"id":14943,"date":"2022-04-24T00:32:02","date_gmt":"2022-04-24T00:32:02","guid":{"rendered":"https:\/\/ceatso.com\/?p=14943"},"modified":"2022-04-24T00:41:03","modified_gmt":"2022-04-24T00:41:03","slug":"trabajo-social-de-la-unsj-sera-parte-del-observatorio-latinoamericano-de-trabajo-social","status":"publish","type":"post","link":"https:\/\/ceatso.com\/es\/trabajo-social-de-la-unsj-sera-parte-del-observatorio-latinoamericano-de-trabajo-social\/","title":{"rendered":"Trabajo Social de la UNSJ ser\u00e1 parte del Observatorio Latinoamericano de Trabajo Social"},"content":{"rendered":"<h2>La Unidad Acad\u00e9mica de la Facultad de Ciencias Sociales realiza el proceso pertinente para integrar una gran red de an\u00e1lisis y estudios.<\/h2>\n<p>El Departamento de Trabajo Social de la Facultad de Ciencias Sociales (FACSO) de la UNSJ se encuentra en el proceso de conformaci\u00f3n de un acuerdo marco que le permitir\u00e1 formar parte del Observatorio Latinoamericano de Trabajo Social.<\/p>\n<p>La iniciativa es de la Corporaci\u00f3n de Estudios Avanzados de Trabajo Social (CEATSO), organizaci\u00f3n independiente, sin fines de lucro, cuyo objetivo central es \u201cpotenciar las habilidades y competencias profesionales en los diversos \u00e1mbitos de la acci\u00f3n social\u201d, dice su sitio. Marcela Fern\u00e1ndez, directora del Departamento de Trabajo Social de la FACSO, explic\u00f3 que el fin de este Observatorio \u201ces conocer y analizar las realidades que atraviesan a los pa\u00edses latinoamericanos, como las crisis pol\u00edticas, econ\u00f3micas, sociales y ambientales, las grietas y los nuevos fen\u00f3menos a niveles pol\u00edticos y sociales\u201d. A partir de all\u00ed, adelanta Fern\u00e1ndez, \u201cse ver\u00e1 qu\u00e9 estrategias desde el Trabajo Social se pueden plantear como posibles soluciones; la intenci\u00f3n de esto es articular con organismos gubernamentales para concebir pol\u00edticas p\u00fablicas\u201d.<\/p>\n<p>Seg\u00fan indic\u00f3\u00a0la Directora del Departamento, el Observatorio Latinoamericano de Trabajo Social no precisa contar con una sede f\u00edsica en alg\u00fan pa\u00eds determinado, sino que cada c\u00e9lula de trabajo social ser\u00e1 una sede de estudio y acci\u00f3n dentro de ese Observatorio.<\/p>\n<p>Fuente:\u00a0<strong><span style=\"color: #ff8254;\"><a style=\"color: #ff8254;\" href=\"http:\/\/www.unsj.edu.ar\/home\/noticias_detalles\/6127\/1\" target=\"_blank\" rel=\"noopener\">unsj.edu.ar<\/a><\/span><\/strong><\/p>","protected":false},"excerpt":{"rendered":"<p>La Unidad Acad\u00e9mica de la Facultad de Ciencias Sociales realiza el proceso pertinente para integrar una gran red de an\u00e1lisis y estudios. El Departamento de Trabajo Social de la Facultad de Ciencias Sociales (FACSO) de la UNSJ se encuentra en &hellip; <\/p>","protected":false},"author":1,"featured_media":14944,"comment_status":"open","ping_status":"open","sticky":false,"template":"","format":"standard","meta":{"_bbp_topic_count":0,"_bbp_reply_count":0,"_bbp_total_topic_count":0,"_bbp_total_reply_count":0,"_bbp_voice_count":0,"_bbp_anonymous_reply_count":0,"_bbp_topic_count_hidden":0,"_bbp_reply_count_hidden":0,"_bbp_forum_subforum_count":0,"pmpro_default_level":"","footnotes":""},"categories":[16],"tags":[6648,6536,6647],"class_list":["post-14943","post","type-post","status-publish","format-standard","has-post-thumbnail","hentry","category-blog","tag-observatorio-latinoamericano","tag-trabajo-social","tag-unsj","pmpro-has-access"],"yoast_head":"<!-- This site is optimized with the Yoast SEO plugin v25.3 - https:\/\/yoast.com\/wordpress\/plugins\/seo\/ -->\n<title>Trabajo Social de la UNSJ ser\u00e1 parte del Observatorio Latinoamericano de Trabajo Social - CEATSO<\/title>\n<meta name=\"robots\" content=\"index, follow, max-snippet:-1, max-image-preview:large, max-video-preview:-1\" \/>\n<link rel=\"canonical\" href=\"https:\/\/ceatso.com\/es\/trabajo-social-de-la-unsj-sera-parte-del-observatorio-latinoamericano-de-trabajo-social\/\" \/>\n<meta property=\"og:locale\" content=\"es_ES\" \/>\n<meta property=\"og:type\" content=\"article\" \/>\n<meta property=\"og:title\" content=\"Trabajo Social de la UNSJ ser\u00e1 parte del Observatorio Latinoamericano de Trabajo Social - CEATSO\" \/>\n<meta property=\"og:description\" content=\"La Unidad Acad\u00e9mica de la Facultad de Ciencias Sociales realiza el proceso pertinente para integrar una gran red de an\u00e1lisis y estudios. El Departamento de Trabajo Social de la Facultad de Ciencias Sociales (FACSO) de la UNSJ se encuentra en &hellip;\" \/>\n<meta property=\"og:url\" content=\"https:\/\/ceatso.com\/es\/trabajo-social-de-la-unsj-sera-parte-del-observatorio-latinoamericano-de-trabajo-social\/\" \/>\n<meta property=\"og:site_name\" content=\"CEATSO\" \/>\n<meta property=\"article:published_time\" content=\"2022-04-24T00:32:02+00:00\" \/>\n<meta property=\"article:modified_time\" content=\"2022-04-24T00:41:03+00:00\" \/>\n<meta property=\"og:image\" content=\"https:\/\/ceatso.com\/wp-content\/uploads\/2022\/04\/Imagen-destacada-Articulo-UNSJ.png\" \/>\n\t<meta property=\"og:image:width\" content=\"1080\" \/>\n\t<meta property=\"og:image:height\" content=\"570\" \/>\n\t<meta property=\"og:image:type\" content=\"image\/png\" \/>\n<meta name=\"author\" content=\"Dr. Marcelo Torres F.\" \/>\n<meta name=\"twitter:card\" content=\"summary_large_image\" \/>\n<meta name=\"twitter:label1\" content=\"Escrito por\" \/>\n\t<meta name=\"twitter:data1\" content=\"Dr. Marcelo Torres F.\" \/>\n\t<meta name=\"twitter:label2\" content=\"Tiempo de lectura\" \/>\n\t<meta name=\"twitter:data2\" content=\"1 minuto\" \/>\n<script type=\"application\/ld+json\" class=\"yoast-schema-graph\">{\"@context\":\"https:\/\/schema.org\",\"@graph\":[{\"@type\":\"Article\",\"@id\":\"https:\/\/ceatso.com\/es\/trabajo-social-de-la-unsj-sera-parte-del-observatorio-latinoamericano-de-trabajo-social\/#article\",\"isPartOf\":{\"@id\":\"https:\/\/ceatso.com\/es\/trabajo-social-de-la-unsj-sera-parte-del-observatorio-latinoamericano-de-trabajo-social\/\"},\"author\":{\"name\":\"Dr. Marcelo Torres F.\",\"@id\":\"https:\/\/ceatso.com\/#\/schema\/person\/e053105cf88080646e567c56f5650eae\"},\"headline\":\"Trabajo Social de la UNSJ ser\u00e1 parte del Observatorio Latinoamericano de Trabajo Social\",\"datePublished\":\"2022-04-24T00:32:02+00:00\",\"dateModified\":\"2022-04-24T00:41:03+00:00\",\"mainEntityOfPage\":{\"@id\":\"https:\/\/ceatso.com\/es\/trabajo-social-de-la-unsj-sera-parte-del-observatorio-latinoamericano-de-trabajo-social\/\"},\"wordCount\":261,\"commentCount\":0,\"publisher\":{\"@id\":\"https:\/\/ceatso.com\/#organization\"},\"image\":{\"@id\":\"https:\/\/ceatso.com\/es\/trabajo-social-de-la-unsj-sera-parte-del-observatorio-latinoamericano-de-trabajo-social\/#primaryimage\"},\"thumbnailUrl\":\"https:\/\/ceatso.com\/wp-content\/uploads\/2022\/04\/Imagen-destacada-Articulo-UNSJ.png\",\"keywords\":[\"Observatorio Latinoamericano\",\"Trabajo Social\",\"UNSJ\"],\"articleSection\":[\"Blog\"],\"inLanguage\":\"es\"},{\"@type\":\"WebPage\",\"@id\":\"https:\/\/ceatso.com\/es\/trabajo-social-de-la-unsj-sera-parte-del-observatorio-latinoamericano-de-trabajo-social\/\",\"url\":\"https:\/\/ceatso.com\/es\/trabajo-social-de-la-unsj-sera-parte-del-observatorio-latinoamericano-de-trabajo-social\/\",\"name\":\"Trabajo Social de la UNSJ ser\u00e1 parte del Observatorio Latinoamericano de Trabajo Social - CEATSO\",\"isPartOf\":{\"@id\":\"https:\/\/ceatso.com\/#website\"},\"primaryImageOfPage\":{\"@id\":\"https:\/\/ceatso.com\/es\/trabajo-social-de-la-unsj-sera-parte-del-observatorio-latinoamericano-de-trabajo-social\/#primaryimage\"},\"image\":{\"@id\":\"https:\/\/ceatso.com\/es\/trabajo-social-de-la-unsj-sera-parte-del-observatorio-latinoamericano-de-trabajo-social\/#primaryimage\"},\"thumbnailUrl\":\"https:\/\/ceatso.com\/wp-content\/uploads\/2022\/04\/Imagen-destacada-Articulo-UNSJ.png\",\"datePublished\":\"2022-04-24T00:32:02+00:00\",\"dateModified\":\"2022-04-24T00:41:03+00:00\",\"breadcrumb\":{\"@id\":\"https:\/\/ceatso.com\/es\/trabajo-social-de-la-unsj-sera-parte-del-observatorio-latinoamericano-de-trabajo-social\/#breadcrumb\"},\"inLanguage\":\"es\",\"potentialAction\":[{\"@type\":\"ReadAction\",\"target\":[\"https:\/\/ceatso.com\/es\/trabajo-social-de-la-unsj-sera-parte-del-observatorio-latinoamericano-de-trabajo-social\/\"]}]},{\"@type\":\"ImageObject\",\"inLanguage\":\"es\",\"@id\":\"https:\/\/ceatso.com\/es\/trabajo-social-de-la-unsj-sera-parte-del-observatorio-latinoamericano-de-trabajo-social\/#primaryimage\",\"url\":\"https:\/\/ceatso.com\/wp-content\/uploads\/2022\/04\/Imagen-destacada-Articulo-UNSJ.png\",\"contentUrl\":\"https:\/\/ceatso.com\/wp-content\/uploads\/2022\/04\/Imagen-destacada-Articulo-UNSJ.png\",\"width\":1080,\"height\":570},{\"@type\":\"BreadcrumbList\",\"@id\":\"https:\/\/ceatso.com\/es\/trabajo-social-de-la-unsj-sera-parte-del-observatorio-latinoamericano-de-trabajo-social\/#breadcrumb\",\"itemListElement\":[{\"@type\":\"ListItem\",\"position\":1,\"name\":\"Portada\",\"item\":\"https:\/\/ceatso.com\/\"},{\"@type\":\"ListItem\",\"position\":2,\"name\":\"Trabajo Social de la UNSJ ser\u00e1 parte del Observatorio Latinoamericano de Trabajo Social\"}]},{\"@type\":\"WebSite\",\"@id\":\"https:\/\/ceatso.com\/#website\",\"url\":\"https:\/\/ceatso.com\/\",\"name\":\"CEATSO\",\"description\":\"Corporacion de Estudios Avanzados en Trabajo Social\",\"publisher\":{\"@id\":\"https:\/\/ceatso.com\/#organization\"},\"potentialAction\":[{\"@type\":\"SearchAction\",\"target\":{\"@type\":\"EntryPoint\",\"urlTemplate\":\"https:\/\/ceatso.com\/?s={search_term_string}\"},\"query-input\":{\"@type\":\"PropertyValueSpecification\",\"valueRequired\":true,\"valueName\":\"search_term_string\"}}],\"inLanguage\":\"es\"},{\"@type\":\"Organization\",\"@id\":\"https:\/\/ceatso.com\/#organization\",\"name\":\"Corporaci\u00f3n de Estudios Avanzados En Trabajo Social | CEATSO\",\"url\":\"https:\/\/ceatso.com\/\",\"logo\":{\"@type\":\"ImageObject\",\"inLanguage\":\"es\",\"@id\":\"https:\/\/ceatso.com\/#\/schema\/logo\/image\/\",\"url\":\"https:\/\/ceatso.com\/wp-content\/uploads\/2019\/05\/Logro-Negro.png\",\"contentUrl\":\"https:\/\/ceatso.com\/wp-content\/uploads\/2019\/05\/Logro-Negro.png\",\"width\":569,\"height\":164,\"caption\":\"Corporaci\u00f3n de Estudios Avanzados En Trabajo Social | CEATSO\"},\"image\":{\"@id\":\"https:\/\/ceatso.com\/#\/schema\/logo\/image\/\"}},{\"@type\":\"Person\",\"@id\":\"https:\/\/ceatso.com\/#\/schema\/person\/e053105cf88080646e567c56f5650eae\",\"name\":\"Dr. Marcelo Torres F.\",\"image\":{\"@type\":\"ImageObject\",\"inLanguage\":\"es\",\"@id\":\"https:\/\/ceatso.com\/#\/schema\/person\/image\/\",\"url\":\"https:\/\/secure.gravatar.com\/avatar\/54cbfc5ddca605f895265c639a9a5b90785a9be3ac405613fd4922f6334b8f44?s=96&d=mm&r=g\",\"contentUrl\":\"https:\/\/secure.gravatar.com\/avatar\/54cbfc5ddca605f895265c639a9a5b90785a9be3ac405613fd4922f6334b8f44?s=96&d=mm&r=g\",\"caption\":\"Dr. Marcelo Torres F.\"},\"url\":\"https:\/\/ceatso.com\/es\/author\/admin\/\"}]}<\/script>\n<!-- \/ Yoast SEO plugin. -->","yoast_head_json":{"title":"Trabajo Social de la UNSJ ser\u00e1 parte del Observatorio Latinoamericano de Trabajo Social - CEATSO","robots":{"index":"index","follow":"follow","max-snippet":"max-snippet:-1","max-image-preview":"max-image-preview:large","max-video-preview":"max-video-preview:-1"},"canonical":"https:\/\/ceatso.com\/es\/trabajo-social-de-la-unsj-sera-parte-del-observatorio-latinoamericano-de-trabajo-social\/","og_locale":"es_ES","og_type":"article","og_title":"Trabajo Social de la UNSJ ser\u00e1 parte del Observatorio Latinoamericano de Trabajo Social - CEATSO","og_description":"La Unidad Acad\u00e9mica de la Facultad de Ciencias Sociales realiza el proceso pertinente para integrar una gran red de an\u00e1lisis y estudios. El Departamento de Trabajo Social de la Facultad de Ciencias Sociales (FACSO) de la UNSJ se encuentra en &hellip;","og_url":"https:\/\/ceatso.com\/es\/trabajo-social-de-la-unsj-sera-parte-del-observatorio-latinoamericano-de-trabajo-social\/","og_site_name":"CEATSO","article_published_time":"2022-04-24T00:32:02+00:00","article_modified_time":"2022-04-24T00:41:03+00:00","og_image":[{"width":1080,"height":570,"url":"https:\/\/ceatso.com\/wp-content\/uploads\/2022\/04\/Imagen-destacada-Articulo-UNSJ.png","type":"image\/png"}],"author":"Dr. Marcelo Torres F.","twitter_card":"summary_large_image","twitter_misc":{"Escrito por":"Dr. Marcelo Torres F.","Tiempo de lectura":"1 minuto"},"schema":{"@context":"https:\/\/schema.org","@graph":[{"@type":"Article","@id":"https:\/\/ceatso.com\/es\/trabajo-social-de-la-unsj-sera-parte-del-observatorio-latinoamericano-de-trabajo-social\/#article","isPartOf":{"@id":"https:\/\/ceatso.com\/es\/trabajo-social-de-la-unsj-sera-parte-del-observatorio-latinoamericano-de-trabajo-social\/"},"author":{"name":"Dr. Marcelo Torres F.","@id":"https:\/\/ceatso.com\/#\/schema\/person\/e053105cf88080646e567c56f5650eae"},"headline":"Trabajo Social de la UNSJ ser\u00e1 parte del Observatorio Latinoamericano de Trabajo Social","datePublished":"2022-04-24T00:32:02+00:00","dateModified":"2022-04-24T00:41:03+00:00","mainEntityOfPage":{"@id":"https:\/\/ceatso.com\/es\/trabajo-social-de-la-unsj-sera-parte-del-observatorio-latinoamericano-de-trabajo-social\/"},"wordCount":261,"commentCount":0,"publisher":{"@id":"https:\/\/ceatso.com\/#organization"},"image":{"@id":"https:\/\/ceatso.com\/es\/trabajo-social-de-la-unsj-sera-parte-del-observatorio-latinoamericano-de-trabajo-social\/#primaryimage"},"thumbnailUrl":"https:\/\/ceatso.com\/wp-content\/uploads\/2022\/04\/Imagen-destacada-Articulo-UNSJ.png","keywords":["Observatorio Latinoamericano","Trabajo Social","UNSJ"],"articleSection":["Blog"],"inLanguage":"es"},{"@type":"WebPage","@id":"https:\/\/ceatso.com\/es\/trabajo-social-de-la-unsj-sera-parte-del-observatorio-latinoamericano-de-trabajo-social\/","url":"https:\/\/ceatso.com\/es\/trabajo-social-de-la-unsj-sera-parte-del-observatorio-latinoamericano-de-trabajo-social\/","name":"Trabajo Social de la UNSJ ser\u00e1 parte del Observatorio Latinoamericano de Trabajo Social - CEATSO","isPartOf":{"@id":"https:\/\/ceatso.com\/#website"},"primaryImageOfPage":{"@id":"https:\/\/ceatso.com\/es\/trabajo-social-de-la-unsj-sera-parte-del-observatorio-latinoamericano-de-trabajo-social\/#primaryimage"},"image":{"@id":"https:\/\/ceatso.com\/es\/trabajo-social-de-la-unsj-sera-parte-del-observatorio-latinoamericano-de-trabajo-social\/#primaryimage"},"thumbnailUrl":"https:\/\/ceatso.com\/wp-content\/uploads\/2022\/04\/Imagen-destacada-Articulo-UNSJ.png","datePublished":"2022-04-24T00:32:02+00:00","dateModified":"2022-04-24T00:41:03+00:00","breadcrumb":{"@id":"https:\/\/ceatso.com\/es\/trabajo-social-de-la-unsj-sera-parte-del-observatorio-latinoamericano-de-trabajo-social\/#breadcrumb"},"inLanguage":"es","potentialAction":[{"@type":"ReadAction","target":["https:\/\/ceatso.com\/es\/trabajo-social-de-la-unsj-sera-parte-del-observatorio-latinoamericano-de-trabajo-social\/"]}]},{"@type":"ImageObject","inLanguage":"es","@id":"https:\/\/ceatso.com\/es\/trabajo-social-de-la-unsj-sera-parte-del-observatorio-latinoamericano-de-trabajo-social\/#primaryimage","url":"https:\/\/ceatso.com\/wp-content\/uploads\/2022\/04\/Imagen-destacada-Articulo-UNSJ.png","contentUrl":"https:\/\/ceatso.com\/wp-content\/uploads\/2022\/04\/Imagen-destacada-Articulo-UNSJ.png","width":1080,"height":570},{"@type":"BreadcrumbList","@id":"https:\/\/ceatso.com\/es\/trabajo-social-de-la-unsj-sera-parte-del-observatorio-latinoamericano-de-trabajo-social\/#breadcrumb","itemListElement":[{"@type":"ListItem","position":1,"name":"Portada","item":"https:\/\/ceatso.com\/"},{"@type":"ListItem","position":2,"name":"Trabajo Social de la UNSJ ser\u00e1 parte del Observatorio Latinoamericano de Trabajo Social"}]},{"@type":"WebSite","@id":"https:\/\/ceatso.com\/#website","url":"https:\/\/ceatso.com\/","name":"CEATSO","description":"Corporacion de Estudios Avanzados en Trabajo Social","publisher":{"@id":"https:\/\/ceatso.com\/#organization"},"potentialAction":[{"@type":"SearchAction","target":{"@type":"EntryPoint","urlTemplate":"https:\/\/ceatso.com\/?s={search_term_string}"},"query-input":{"@type":"PropertyValueSpecification","valueRequired":true,"valueName":"search_term_string"}}],"inLanguage":"es"},{"@type":"Organization","@id":"https:\/\/ceatso.com\/#organization","name":"Corporaci\u00f3n de Estudios Avanzados En Trabajo Social | CEATSO","url":"https:\/\/ceatso.com\/","logo":{"@type":"ImageObject","inLanguage":"es","@id":"https:\/\/ceatso.com\/#\/schema\/logo\/image\/","url":"https:\/\/ceatso.com\/wp-content\/uploads\/2019\/05\/Logro-Negro.png","contentUrl":"https:\/\/ceatso.com\/wp-content\/uploads\/2019\/05\/Logro-Negro.png","width":569,"height":164,"caption":"Corporaci\u00f3n de Estudios Avanzados En Trabajo Social | CEATSO"},"image":{"@id":"https:\/\/ceatso.com\/#\/schema\/logo\/image\/"}},{"@type":"Person","@id":"https:\/\/ceatso.com\/#\/schema\/person\/e053105cf88080646e567c56f5650eae","name":"Dr. Marcelo Torres F.","image":{"@type":"ImageObject","inLanguage":"es","@id":"https:\/\/ceatso.com\/#\/schema\/person\/image\/","url":"https:\/\/secure.gravatar.com\/avatar\/54cbfc5ddca605f895265c639a9a5b90785a9be3ac405613fd4922f6334b8f44?s=96&d=mm&r=g","contentUrl":"https:\/\/secure.gravatar.com\/avatar\/54cbfc5ddca605f895265c639a9a5b90785a9be3ac405613fd4922f6334b8f44?s=96&d=mm&r=g","caption":"Dr. Marcelo Torres F."},"url":"https:\/\/ceatso.com\/es\/author\/admin\/"}]}},"_links":{"self":[{"href":"https:\/\/ceatso.com\/es\/wp-json\/wp\/v2\/posts\/14943","targetHints":{"allow":["GET"]}}],"collection":[{"href":"https:\/\/ceatso.com\/es\/wp-json\/wp\/v2\/posts"}],"about":[{"href":"https:\/\/ceatso.com\/es\/wp-json\/wp\/v2\/types\/post"}],"author":[{"embeddable":true,"href":"https:\/\/ceatso.com\/es\/wp-json\/wp\/v2\/users\/1"}],"replies":[{"embeddable":true,"href":"https:\/\/ceatso.com\/es\/wp-json\/wp\/v2\/comments?post=14943"}],"version-history":[{"count":3,"href":"https:\/\/ceatso.com\/es\/wp-json\/wp\/v2\/posts\/14943\/revisions"}],"predecessor-version":[{"id":14950,"href":"https:\/\/ceatso.com\/es\/wp-json\/wp\/v2\/posts\/14943\/revisions\/14950"}],"wp:featuredmedia":[{"embeddable":true,"href":"https:\/\/ceatso.com\/es\/wp-json\/wp\/v2\/media\/14944"}],"wp:attachment":[{"href":"https:\/\/ceatso.com\/es\/wp-json\/wp\/v2\/media?parent=14943"}],"wp:term":[{"taxonomy":"category","embeddable":true,"href":"https:\/\/ceatso.com\/es\/wp-json\/wp\/v2\/categories?post=14943"},{"taxonomy":"post_tag","embeddable":true,"href":"https:\/\/ceatso.com\/es\/wp-json\/wp\/v2\/tags?post=14943"}],"curies":[{"name":"wp","href":"https:\/\/api.w.org\/{rel}","templated":true}]}}