{"id":15122,"date":"2022-10-13T18:57:37","date_gmt":"2022-10-13T18:57:37","guid":{"rendered":"https:\/\/ceatso.com\/?p=15122"},"modified":"2022-10-13T18:57:37","modified_gmt":"2022-10-13T18:57:37","slug":"reflexiones-sobre-la-corporalidad-en-trabajo-social-aportes-teorico-metodologicos-en-una-experiencia-de-ensenanza-aprendizaje","status":"publish","type":"post","link":"https:\/\/ceatso.com\/es\/reflexiones-sobre-la-corporalidad-en-trabajo-social-aportes-teorico-metodologicos-en-una-experiencia-de-ensenanza-aprendizaje\/","title":{"rendered":"Reflexiones sobre la corporalidad en Trabajo Social: Aportes te\u00f3rico-metodol\u00f3gicos en una experiencia de ense\u00f1anza-aprendizaje"},"content":{"rendered":"<p>Con el objetivo de aportar elementos te\u00f3rico-metodol\u00f3gicos-epistemol\u00f3gicos que favorezcan la integraci\u00f3n de la perspectiva de la corporalidad en el campo del trabajo social, se analiza una experiencia de pr\u00e1ctica educativa de una materia optativa de la carrera de Trabajo Social de la Facultad de Ciencias Sociales de la Universidad de Buenos Aires. A lo largo del texto se intentan recuperar todos los intercambios y devenires te\u00f3rico- pr\u00e1cticos previos que luego se sintetizan en una asignatura en la curr\u00edcula acad\u00e9mica: Trabajo social y la perspectiva de la corporalidad. Luego se detalla el enfoque te\u00f3rico y metodol\u00f3gico que fundamenta la relaci\u00f3n de la disciplina con la noci\u00f3n de \u201ccuerpo\u201d, haci\u00e9ndose referencia a las principales definiciones y problematizando las representaciones hegem\u00f3nicas en Occidente arribando a marcos conceptuales sobre la tem\u00e1tica que promueven la reflexi\u00f3n en torno a la escala individual-social. Se sugieren conceptualizaciones y metodolog\u00edas que integren experiencias sensibles vivenciadas en clave social.<\/p>\n<p>Posterior a ello, con la intenci\u00f3n de complejizar las pr\u00e1cticas en trabajo social, se propone un di\u00e1logo posible entre las pr\u00e1cticas art\u00edsticas y la profesi\u00f3n. Se aborda no s\u00f3lo desde la lectura sino tambi\u00e9n a trav\u00e9s de experiencias presenciales. Se detalla, por \u00faltimo, la propuesta metodol\u00f3gica dentro del aula, que dispone un entramado complejo m\u00e1s all\u00e1 de los momentos te\u00f3ricos y pr\u00e1cticos establecidos, invitando a din\u00e1micas que recuperan el lugar de la corporalidad sensible en la construcci\u00f3n del conocimiento.<\/p>\n<p>Esta propuesta no define un constructo acabado, sino que muestra distintas l\u00edneas posibles que nutran la investigaci\u00f3n y su difusi\u00f3n, las pr\u00e1cticas educativas en la universidad y as\u00ed tambi\u00e9n las modalidades de abordaje de trabajo social y los espacios de cuidado en las pr\u00e1cticas preprofesionales y profesionales como pueden ser las supervisiones o intercambios de co-visi\u00f3n.<\/p>\n<p>Revisa el art\u00edculo completo<span style=\"color: #ff8254;\"><strong> <a style=\"color: #ff8254;\" href=\"https:\/\/ceatso.com\/wp-content\/uploads\/2022\/10\/Reflexiones-sobre-la-corporalidad-en-Trabajo-Social.pdf\" target=\"_blank\" rel=\"noopener\">Ac\u00e1<\/a><\/strong><\/span><\/p>","protected":false},"excerpt":{"rendered":"<p>Con el objetivo de aportar elementos te\u00f3rico-metodol\u00f3gicos-epistemol\u00f3gicos que favorezcan la integraci\u00f3n de la perspectiva de la corporalidad en el campo del trabajo social, se analiza una experiencia de pr\u00e1ctica educativa de una materia optativa de la carrera de Trabajo Social &hellip; <\/p>","protected":false},"author":1,"featured_media":15124,"comment_status":"open","ping_status":"open","sticky":false,"template":"","format":"standard","meta":{"_bbp_topic_count":0,"_bbp_reply_count":0,"_bbp_total_topic_count":0,"_bbp_total_reply_count":0,"_bbp_voice_count":0,"_bbp_anonymous_reply_count":0,"_bbp_topic_count_hidden":0,"_bbp_reply_count_hidden":0,"_bbp_forum_subforum_count":0,"pmpro_default_level":"","footnotes":""},"categories":[6550],"tags":[6666,6664,6665,6663,6536],"class_list":["post-15122","post","type-post","status-publish","format-standard","has-post-thumbnail","hentry","category-articulos","tag-aportes","tag-corporalidad","tag-metodologia","tag-reflexiones","tag-trabajo-social","pmpro-has-access"],"yoast_head":"<!-- This site is optimized with the Yoast SEO plugin v25.3 - https:\/\/yoast.com\/wordpress\/plugins\/seo\/ -->\n<title>Reflexiones sobre la corporalidad en Trabajo Social: Aportes te\u00f3rico-metodol\u00f3gicos en una experiencia de ense\u00f1anza-aprendizaje - CEATSO<\/title>\n<meta name=\"robots\" content=\"index, follow, max-snippet:-1, max-image-preview:large, max-video-preview:-1\" \/>\n<link rel=\"canonical\" href=\"https:\/\/ceatso.com\/es\/reflexiones-sobre-la-corporalidad-en-trabajo-social-aportes-teorico-metodologicos-en-una-experiencia-de-ensenanza-aprendizaje\/\" \/>\n<meta property=\"og:locale\" content=\"es_ES\" \/>\n<meta property=\"og:type\" content=\"article\" \/>\n<meta property=\"og:title\" content=\"Reflexiones sobre la corporalidad en Trabajo Social: Aportes te\u00f3rico-metodol\u00f3gicos en una experiencia de ense\u00f1anza-aprendizaje - CEATSO\" \/>\n<meta property=\"og:description\" content=\"Con el objetivo de aportar elementos te\u00f3rico-metodol\u00f3gicos-epistemol\u00f3gicos que favorezcan la integraci\u00f3n de la perspectiva de la corporalidad en el campo del trabajo social, se analiza una experiencia de pr\u00e1ctica educativa de una materia optativa de la carrera de Trabajo Social &hellip;\" \/>\n<meta property=\"og:url\" content=\"https:\/\/ceatso.com\/es\/reflexiones-sobre-la-corporalidad-en-trabajo-social-aportes-teorico-metodologicos-en-una-experiencia-de-ensenanza-aprendizaje\/\" \/>\n<meta property=\"og:site_name\" content=\"CEATSO\" \/>\n<meta property=\"article:published_time\" content=\"2022-10-13T18:57:37+00:00\" \/>\n<meta property=\"og:image\" content=\"https:\/\/ceatso.com\/wp-content\/uploads\/2022\/10\/Articulo-Reflexiones-sobre-img-destacada.png\" \/>\n\t<meta property=\"og:image:width\" content=\"1080\" \/>\n\t<meta property=\"og:image:height\" content=\"570\" \/>\n\t<meta property=\"og:image:type\" content=\"image\/png\" \/>\n<meta name=\"author\" content=\"Dr. Marcelo Torres F.\" \/>\n<meta name=\"twitter:card\" content=\"summary_large_image\" \/>\n<meta name=\"twitter:label1\" content=\"Escrito por\" \/>\n\t<meta name=\"twitter:data1\" content=\"Dr. Marcelo Torres F.\" \/>\n\t<meta name=\"twitter:label2\" content=\"Tiempo de lectura\" \/>\n\t<meta name=\"twitter:data2\" content=\"2 minutos\" \/>\n<script type=\"application\/ld+json\" class=\"yoast-schema-graph\">{\"@context\":\"https:\/\/schema.org\",\"@graph\":[{\"@type\":\"Article\",\"@id\":\"https:\/\/ceatso.com\/reflexiones-sobre-la-corporalidad-en-trabajo-social-aportes-teorico-metodologicos-en-una-experiencia-de-ensenanza-aprendizaje\/#article\",\"isPartOf\":{\"@id\":\"https:\/\/ceatso.com\/reflexiones-sobre-la-corporalidad-en-trabajo-social-aportes-teorico-metodologicos-en-una-experiencia-de-ensenanza-aprendizaje\/\"},\"author\":{\"name\":\"Dr. Marcelo Torres F.\",\"@id\":\"https:\/\/ceatso.com\/#\/schema\/person\/e053105cf88080646e567c56f5650eae\"},\"headline\":\"Reflexiones sobre la corporalidad en Trabajo Social: Aportes te\u00f3rico-metodol\u00f3gicos en una experiencia de ense\u00f1anza-aprendizaje\",\"datePublished\":\"2022-10-13T18:57:37+00:00\",\"mainEntityOfPage\":{\"@id\":\"https:\/\/ceatso.com\/reflexiones-sobre-la-corporalidad-en-trabajo-social-aportes-teorico-metodologicos-en-una-experiencia-de-ensenanza-aprendizaje\/\"},\"wordCount\":348,\"commentCount\":0,\"publisher\":{\"@id\":\"https:\/\/ceatso.com\/#organization\"},\"image\":{\"@id\":\"https:\/\/ceatso.com\/reflexiones-sobre-la-corporalidad-en-trabajo-social-aportes-teorico-metodologicos-en-una-experiencia-de-ensenanza-aprendizaje\/#primaryimage\"},\"thumbnailUrl\":\"https:\/\/ceatso.com\/wp-content\/uploads\/2022\/10\/Articulo-Reflexiones-sobre-img-destacada.png\",\"keywords\":[\"Aportes\",\"Corporalidad\",\"Metodolog\u00eda\",\"Reflexiones\",\"Trabajo Social\"],\"articleSection\":[\"Art\u00edculos\"],\"inLanguage\":\"es\"},{\"@type\":\"WebPage\",\"@id\":\"https:\/\/ceatso.com\/reflexiones-sobre-la-corporalidad-en-trabajo-social-aportes-teorico-metodologicos-en-una-experiencia-de-ensenanza-aprendizaje\/\",\"url\":\"https:\/\/ceatso.com\/reflexiones-sobre-la-corporalidad-en-trabajo-social-aportes-teorico-metodologicos-en-una-experiencia-de-ensenanza-aprendizaje\/\",\"name\":\"Reflexiones sobre la corporalidad en Trabajo Social: Aportes te\u00f3rico-metodol\u00f3gicos en una experiencia de ense\u00f1anza-aprendizaje - CEATSO\",\"isPartOf\":{\"@id\":\"https:\/\/ceatso.com\/#website\"},\"primaryImageOfPage\":{\"@id\":\"https:\/\/ceatso.com\/reflexiones-sobre-la-corporalidad-en-trabajo-social-aportes-teorico-metodologicos-en-una-experiencia-de-ensenanza-aprendizaje\/#primaryimage\"},\"image\":{\"@id\":\"https:\/\/ceatso.com\/reflexiones-sobre-la-corporalidad-en-trabajo-social-aportes-teorico-metodologicos-en-una-experiencia-de-ensenanza-aprendizaje\/#primaryimage\"},\"thumbnailUrl\":\"https:\/\/ceatso.com\/wp-content\/uploads\/2022\/10\/Articulo-Reflexiones-sobre-img-destacada.png\",\"datePublished\":\"2022-10-13T18:57:37+00:00\",\"breadcrumb\":{\"@id\":\"https:\/\/ceatso.com\/reflexiones-sobre-la-corporalidad-en-trabajo-social-aportes-teorico-metodologicos-en-una-experiencia-de-ensenanza-aprendizaje\/#breadcrumb\"},\"inLanguage\":\"es\",\"potentialAction\":[{\"@type\":\"ReadAction\",\"target\":[\"https:\/\/ceatso.com\/reflexiones-sobre-la-corporalidad-en-trabajo-social-aportes-teorico-metodologicos-en-una-experiencia-de-ensenanza-aprendizaje\/\"]}]},{\"@type\":\"ImageObject\",\"inLanguage\":\"es\",\"@id\":\"https:\/\/ceatso.com\/reflexiones-sobre-la-corporalidad-en-trabajo-social-aportes-teorico-metodologicos-en-una-experiencia-de-ensenanza-aprendizaje\/#primaryimage\",\"url\":\"https:\/\/ceatso.com\/wp-content\/uploads\/2022\/10\/Articulo-Reflexiones-sobre-img-destacada.png\",\"contentUrl\":\"https:\/\/ceatso.com\/wp-content\/uploads\/2022\/10\/Articulo-Reflexiones-sobre-img-destacada.png\",\"width\":1080,\"height\":570},{\"@type\":\"BreadcrumbList\",\"@id\":\"https:\/\/ceatso.com\/reflexiones-sobre-la-corporalidad-en-trabajo-social-aportes-teorico-metodologicos-en-una-experiencia-de-ensenanza-aprendizaje\/#breadcrumb\",\"itemListElement\":[{\"@type\":\"ListItem\",\"position\":1,\"name\":\"Portada\",\"item\":\"https:\/\/ceatso.com\/\"},{\"@type\":\"ListItem\",\"position\":2,\"name\":\"Reflexiones sobre la corporalidad en Trabajo Social: Aportes te\u00f3rico-metodol\u00f3gicos en una experiencia de ense\u00f1anza-aprendizaje\"}]},{\"@type\":\"WebSite\",\"@id\":\"https:\/\/ceatso.com\/#website\",\"url\":\"https:\/\/ceatso.com\/\",\"name\":\"CEATSO\",\"description\":\"Corporacion de Estudios Avanzados en Trabajo Social\",\"publisher\":{\"@id\":\"https:\/\/ceatso.com\/#organization\"},\"potentialAction\":[{\"@type\":\"SearchAction\",\"target\":{\"@type\":\"EntryPoint\",\"urlTemplate\":\"https:\/\/ceatso.com\/?s={search_term_string}\"},\"query-input\":{\"@type\":\"PropertyValueSpecification\",\"valueRequired\":true,\"valueName\":\"search_term_string\"}}],\"inLanguage\":\"es\"},{\"@type\":\"Organization\",\"@id\":\"https:\/\/ceatso.com\/#organization\",\"name\":\"Corporaci\u00f3n de Estudios Avanzados En Trabajo Social | CEATSO\",\"url\":\"https:\/\/ceatso.com\/\",\"logo\":{\"@type\":\"ImageObject\",\"inLanguage\":\"es\",\"@id\":\"https:\/\/ceatso.com\/#\/schema\/logo\/image\/\",\"url\":\"https:\/\/ceatso.com\/wp-content\/uploads\/2019\/05\/Logro-Negro.png\",\"contentUrl\":\"https:\/\/ceatso.com\/wp-content\/uploads\/2019\/05\/Logro-Negro.png\",\"width\":569,\"height\":164,\"caption\":\"Corporaci\u00f3n de Estudios Avanzados En Trabajo Social | CEATSO\"},\"image\":{\"@id\":\"https:\/\/ceatso.com\/#\/schema\/logo\/image\/\"}},{\"@type\":\"Person\",\"@id\":\"https:\/\/ceatso.com\/#\/schema\/person\/e053105cf88080646e567c56f5650eae\",\"name\":\"Dr. Marcelo Torres F.\",\"image\":{\"@type\":\"ImageObject\",\"inLanguage\":\"es\",\"@id\":\"https:\/\/ceatso.com\/#\/schema\/person\/image\/\",\"url\":\"https:\/\/secure.gravatar.com\/avatar\/54cbfc5ddca605f895265c639a9a5b90785a9be3ac405613fd4922f6334b8f44?s=96&d=mm&r=g\",\"contentUrl\":\"https:\/\/secure.gravatar.com\/avatar\/54cbfc5ddca605f895265c639a9a5b90785a9be3ac405613fd4922f6334b8f44?s=96&d=mm&r=g\",\"caption\":\"Dr. Marcelo Torres F.\"},\"url\":\"https:\/\/ceatso.com\/es\/author\/admin\/\"}]}<\/script>\n<!-- \/ Yoast SEO plugin. -->","yoast_head_json":{"title":"Reflexiones sobre la corporalidad en Trabajo Social: Aportes te\u00f3rico-metodol\u00f3gicos en una experiencia de ense\u00f1anza-aprendizaje - CEATSO","robots":{"index":"index","follow":"follow","max-snippet":"max-snippet:-1","max-image-preview":"max-image-preview:large","max-video-preview":"max-video-preview:-1"},"canonical":"https:\/\/ceatso.com\/es\/reflexiones-sobre-la-corporalidad-en-trabajo-social-aportes-teorico-metodologicos-en-una-experiencia-de-ensenanza-aprendizaje\/","og_locale":"es_ES","og_type":"article","og_title":"Reflexiones sobre la corporalidad en Trabajo Social: Aportes te\u00f3rico-metodol\u00f3gicos en una experiencia de ense\u00f1anza-aprendizaje - CEATSO","og_description":"Con el objetivo de aportar elementos te\u00f3rico-metodol\u00f3gicos-epistemol\u00f3gicos que favorezcan la integraci\u00f3n de la perspectiva de la corporalidad en el campo del trabajo social, se analiza una experiencia de pr\u00e1ctica educativa de una materia optativa de la carrera de Trabajo Social &hellip;","og_url":"https:\/\/ceatso.com\/es\/reflexiones-sobre-la-corporalidad-en-trabajo-social-aportes-teorico-metodologicos-en-una-experiencia-de-ensenanza-aprendizaje\/","og_site_name":"CEATSO","article_published_time":"2022-10-13T18:57:37+00:00","og_image":[{"width":1080,"height":570,"url":"https:\/\/ceatso.com\/wp-content\/uploads\/2022\/10\/Articulo-Reflexiones-sobre-img-destacada.png","type":"image\/png"}],"author":"Dr. Marcelo Torres F.","twitter_card":"summary_large_image","twitter_misc":{"Escrito por":"Dr. Marcelo Torres F.","Tiempo de lectura":"2 minutos"},"schema":{"@context":"https:\/\/schema.org","@graph":[{"@type":"Article","@id":"https:\/\/ceatso.com\/reflexiones-sobre-la-corporalidad-en-trabajo-social-aportes-teorico-metodologicos-en-una-experiencia-de-ensenanza-aprendizaje\/#article","isPartOf":{"@id":"https:\/\/ceatso.com\/reflexiones-sobre-la-corporalidad-en-trabajo-social-aportes-teorico-metodologicos-en-una-experiencia-de-ensenanza-aprendizaje\/"},"author":{"name":"Dr. Marcelo Torres F.","@id":"https:\/\/ceatso.com\/#\/schema\/person\/e053105cf88080646e567c56f5650eae"},"headline":"Reflexiones sobre la corporalidad en Trabajo Social: Aportes te\u00f3rico-metodol\u00f3gicos en una experiencia de ense\u00f1anza-aprendizaje","datePublished":"2022-10-13T18:57:37+00:00","mainEntityOfPage":{"@id":"https:\/\/ceatso.com\/reflexiones-sobre-la-corporalidad-en-trabajo-social-aportes-teorico-metodologicos-en-una-experiencia-de-ensenanza-aprendizaje\/"},"wordCount":348,"commentCount":0,"publisher":{"@id":"https:\/\/ceatso.com\/#organization"},"image":{"@id":"https:\/\/ceatso.com\/reflexiones-sobre-la-corporalidad-en-trabajo-social-aportes-teorico-metodologicos-en-una-experiencia-de-ensenanza-aprendizaje\/#primaryimage"},"thumbnailUrl":"https:\/\/ceatso.com\/wp-content\/uploads\/2022\/10\/Articulo-Reflexiones-sobre-img-destacada.png","keywords":["Aportes","Corporalidad","Metodolog\u00eda","Reflexiones","Trabajo Social"],"articleSection":["Art\u00edculos"],"inLanguage":"es"},{"@type":"WebPage","@id":"https:\/\/ceatso.com\/reflexiones-sobre-la-corporalidad-en-trabajo-social-aportes-teorico-metodologicos-en-una-experiencia-de-ensenanza-aprendizaje\/","url":"https:\/\/ceatso.com\/reflexiones-sobre-la-corporalidad-en-trabajo-social-aportes-teorico-metodologicos-en-una-experiencia-de-ensenanza-aprendizaje\/","name":"Reflexiones sobre la corporalidad en Trabajo Social: Aportes te\u00f3rico-metodol\u00f3gicos en una experiencia de ense\u00f1anza-aprendizaje - CEATSO","isPartOf":{"@id":"https:\/\/ceatso.com\/#website"},"primaryImageOfPage":{"@id":"https:\/\/ceatso.com\/reflexiones-sobre-la-corporalidad-en-trabajo-social-aportes-teorico-metodologicos-en-una-experiencia-de-ensenanza-aprendizaje\/#primaryimage"},"image":{"@id":"https:\/\/ceatso.com\/reflexiones-sobre-la-corporalidad-en-trabajo-social-aportes-teorico-metodologicos-en-una-experiencia-de-ensenanza-aprendizaje\/#primaryimage"},"thumbnailUrl":"https:\/\/ceatso.com\/wp-content\/uploads\/2022\/10\/Articulo-Reflexiones-sobre-img-destacada.png","datePublished":"2022-10-13T18:57:37+00:00","breadcrumb":{"@id":"https:\/\/ceatso.com\/reflexiones-sobre-la-corporalidad-en-trabajo-social-aportes-teorico-metodologicos-en-una-experiencia-de-ensenanza-aprendizaje\/#breadcrumb"},"inLanguage":"es","potentialAction":[{"@type":"ReadAction","target":["https:\/\/ceatso.com\/reflexiones-sobre-la-corporalidad-en-trabajo-social-aportes-teorico-metodologicos-en-una-experiencia-de-ensenanza-aprendizaje\/"]}]},{"@type":"ImageObject","inLanguage":"es","@id":"https:\/\/ceatso.com\/reflexiones-sobre-la-corporalidad-en-trabajo-social-aportes-teorico-metodologicos-en-una-experiencia-de-ensenanza-aprendizaje\/#primaryimage","url":"https:\/\/ceatso.com\/wp-content\/uploads\/2022\/10\/Articulo-Reflexiones-sobre-img-destacada.png","contentUrl":"https:\/\/ceatso.com\/wp-content\/uploads\/2022\/10\/Articulo-Reflexiones-sobre-img-destacada.png","width":1080,"height":570},{"@type":"BreadcrumbList","@id":"https:\/\/ceatso.com\/reflexiones-sobre-la-corporalidad-en-trabajo-social-aportes-teorico-metodologicos-en-una-experiencia-de-ensenanza-aprendizaje\/#breadcrumb","itemListElement":[{"@type":"ListItem","position":1,"name":"Portada","item":"https:\/\/ceatso.com\/"},{"@type":"ListItem","position":2,"name":"Reflexiones sobre la corporalidad en Trabajo Social: Aportes te\u00f3rico-metodol\u00f3gicos en una experiencia de ense\u00f1anza-aprendizaje"}]},{"@type":"WebSite","@id":"https:\/\/ceatso.com\/#website","url":"https:\/\/ceatso.com\/","name":"CEATSO","description":"Corporacion de Estudios Avanzados en Trabajo Social","publisher":{"@id":"https:\/\/ceatso.com\/#organization"},"potentialAction":[{"@type":"SearchAction","target":{"@type":"EntryPoint","urlTemplate":"https:\/\/ceatso.com\/?s={search_term_string}"},"query-input":{"@type":"PropertyValueSpecification","valueRequired":true,"valueName":"search_term_string"}}],"inLanguage":"es"},{"@type":"Organization","@id":"https:\/\/ceatso.com\/#organization","name":"Corporaci\u00f3n de Estudios Avanzados En Trabajo Social | CEATSO","url":"https:\/\/ceatso.com\/","logo":{"@type":"ImageObject","inLanguage":"es","@id":"https:\/\/ceatso.com\/#\/schema\/logo\/image\/","url":"https:\/\/ceatso.com\/wp-content\/uploads\/2019\/05\/Logro-Negro.png","contentUrl":"https:\/\/ceatso.com\/wp-content\/uploads\/2019\/05\/Logro-Negro.png","width":569,"height":164,"caption":"Corporaci\u00f3n de Estudios Avanzados En Trabajo Social | CEATSO"},"image":{"@id":"https:\/\/ceatso.com\/#\/schema\/logo\/image\/"}},{"@type":"Person","@id":"https:\/\/ceatso.com\/#\/schema\/person\/e053105cf88080646e567c56f5650eae","name":"Dr. Marcelo Torres F.","image":{"@type":"ImageObject","inLanguage":"es","@id":"https:\/\/ceatso.com\/#\/schema\/person\/image\/","url":"https:\/\/secure.gravatar.com\/avatar\/54cbfc5ddca605f895265c639a9a5b90785a9be3ac405613fd4922f6334b8f44?s=96&d=mm&r=g","contentUrl":"https:\/\/secure.gravatar.com\/avatar\/54cbfc5ddca605f895265c639a9a5b90785a9be3ac405613fd4922f6334b8f44?s=96&d=mm&r=g","caption":"Dr. Marcelo Torres F."},"url":"https:\/\/ceatso.com\/es\/author\/admin\/"}]}},"_links":{"self":[{"href":"https:\/\/ceatso.com\/es\/wp-json\/wp\/v2\/posts\/15122","targetHints":{"allow":["GET"]}}],"collection":[{"href":"https:\/\/ceatso.com\/es\/wp-json\/wp\/v2\/posts"}],"about":[{"href":"https:\/\/ceatso.com\/es\/wp-json\/wp\/v2\/types\/post"}],"author":[{"embeddable":true,"href":"https:\/\/ceatso.com\/es\/wp-json\/wp\/v2\/users\/1"}],"replies":[{"embeddable":true,"href":"https:\/\/ceatso.com\/es\/wp-json\/wp\/v2\/comments?post=15122"}],"version-history":[{"count":1,"href":"https:\/\/ceatso.com\/es\/wp-json\/wp\/v2\/posts\/15122\/revisions"}],"predecessor-version":[{"id":15125,"href":"https:\/\/ceatso.com\/es\/wp-json\/wp\/v2\/posts\/15122\/revisions\/15125"}],"wp:featuredmedia":[{"embeddable":true,"href":"https:\/\/ceatso.com\/es\/wp-json\/wp\/v2\/media\/15124"}],"wp:attachment":[{"href":"https:\/\/ceatso.com\/es\/wp-json\/wp\/v2\/media?parent=15122"}],"wp:term":[{"taxonomy":"category","embeddable":true,"href":"https:\/\/ceatso.com\/es\/wp-json\/wp\/v2\/categories?post=15122"},{"taxonomy":"post_tag","embeddable":true,"href":"https:\/\/ceatso.com\/es\/wp-json\/wp\/v2\/tags?post=15122"}],"curies":[{"name":"wp","href":"https:\/\/api.w.org\/{rel}","templated":true}]}}