{"id":15172,"date":"2022-12-08T20:12:55","date_gmt":"2022-12-08T20:12:55","guid":{"rendered":"https:\/\/ceatso.com\/?p=15172"},"modified":"2022-12-08T20:12:55","modified_gmt":"2022-12-08T20:12:55","slug":"clacso","status":"publish","type":"post","link":"https:\/\/ceatso.com\/es\/clacso\/","title":{"rendered":"Ceatso se integra a CLACSO, la red m\u00e1s importante de Am\u00e9rica latina"},"content":{"rendered":"<div>\n<p dir=\"ltr\"><em>Buenos Aires, 6 de diciembre de 2022<\/em><\/p>\n<p dir=\"ltr\">Corporaci\u00f3n de Estudios Avanzados en Trabajo Social<\/p>\n<p dir=\"ltr\"><strong>Luis Marcelo Torres Fuentes<\/strong><\/p>\n<p dir=\"ltr\"><strong>Chile<\/strong><\/p>\n<p dir=\"ltr\"><strong>PRESENTE\u00a0<\/strong><\/p>\n<p dir=\"ltr\">En mi calidad de Directora Ejecutiva del Consejo Latinoamericano de Ciencias Sociales (CLACSO), tengo el agrado de dirigirme a Ud. a fin de comunicarle que su solicitud de afiliaci\u00f3n como <b><span style=\"color: #ff8254;\">Organizaci\u00f3n Vinculada<\/span> <\/b>de CLACSO ha sido aprobada por el Comit\u00e9 Directivo en su 107\u00b0 Per\u00edodo de Sesiones, realizado entre los d\u00edas 19 y 20 de noviembre de 2022 en la Ciudad de Bogot\u00e1, Colombia.<\/p>\n<p dir=\"ltr\">La afiliaci\u00f3n les habilita a participar de las diversas actividades y programas acad\u00e9micos promovidos por nuestro Consejo, disponibles en nuestra p\u00e1gina web:<span style=\"color: #ff8254;\"> <a style=\"color: #ff8254;\" href=\"http:\/\/www.clacso.org\/\" target=\"_blank\" rel=\"noopener\" data-saferedirecturl=\"https:\/\/www.google.com\/url?q=http:\/\/www.clacso.org&amp;source=gmail&amp;ust=1670615659316000&amp;usg=AOvVaw0hoURvULCPowmARnDefJEw\">www.clacso.org<\/a>.<\/span> Del mismo modo, divulgamos nuestras actividades por listas de correo electr\u00f3nico y redes sociales.<\/p>\n<p dir=\"ltr\">\u00a0Aprovecho la ocasi\u00f3n para darles a conocer los distintos espacios de los que CLACSO dispone para difusi\u00f3n de sus actividades y acciones:<\/p>\n<ul>\n<li dir=\"ltr\">Grupos de trabajo: los invitamos a participar de los diversos Grupos de Trabajo, que cuentan con una secci\u00f3n especial que agrupa sus contenidos y producciones: <span style=\"color: #ff8254;\"><a style=\"color: #ff8254;\" href=\"https:\/\/www.clacso.org\/grupos-de-trabajo\/producciones-y-contenidos\/\" target=\"_blank\" rel=\"noopener\" data-saferedirecturl=\"https:\/\/www.google.com\/url?q=https:\/\/www.clacso.org\/grupos-de-trabajo\/producciones-y-contenidos\/&amp;source=gmail&amp;ust=1670615659316000&amp;usg=AOvVaw0gx9A1r4t6DZqvV6qJ_jWA\">https:\/\/www.clacso.org\/grupos-<wbr \/>de-trabajo\/producciones-y-<wbr \/>contenidos\/<\/a>.<\/span><\/li>\n<li dir=\"ltr\">En el \u00e1rea de formaci\u00f3n, hay descuentos especiales en las propuestas de formaci\u00f3n:<span style=\"color: #ff8254;\"> <a style=\"color: #ff8254;\" href=\"https:\/\/www.clacso.org\/clases-abiertas\/\" target=\"_blank\" rel=\"noopener\" data-saferedirecturl=\"https:\/\/www.google.com\/url?q=https:\/\/www.clacso.org\/clases-abiertas\/&amp;source=gmail&amp;ust=1670615659316000&amp;usg=AOvVaw2-ysU7bvwdo4pY7ksG2k1l\">https:\/\/www.clacso.org\/clases-<wbr \/>abiertas\/<\/a>.<\/span><\/li>\n<li dir=\"ltr\">Contamos con una p\u00e1gina web muy visitada \u2013<span style=\"color: #ff8254;\"> <a style=\"color: #ff8254;\" href=\"https:\/\/www.clacso.org\/\" target=\"_blank\" rel=\"noopener\" data-saferedirecturl=\"https:\/\/www.google.com\/url?q=https:\/\/www.clacso.org\/&amp;source=gmail&amp;ust=1670615659316000&amp;usg=AOvVaw2pZWVBIiBNOqICbIiK1vR6\">https:\/\/www.clacso.org\/<\/a> <\/span>\u2013 que incluye una secci\u00f3n dedicada exclusivamente a los Centros llamada \u201cMundo CLACSO\u201d \u2013 <span style=\"color: #ff8254;\"><a style=\"color: #ff8254;\" href=\"https:\/\/www.clacso.org\/mundo-clacso-los-centros-miembros-se-presentan\/\" target=\"_blank\" rel=\"noopener\" data-saferedirecturl=\"https:\/\/www.google.com\/url?q=https:\/\/www.clacso.org\/mundo-clacso-los-centros-miembros-se-presentan\/&amp;source=gmail&amp;ust=1670615659316000&amp;usg=AOvVaw3qUwEAUws2h7_lbMV44VLs\">https:\/\/www.clacso.org\/mundo-<wbr \/>clacso-los-centros-miembros-<wbr \/>se-presentan\/<\/a> <\/span>\u2013, un espacio para presentarse y difundir sus acciones y actividades; para recibir las instrucciones para participar, escribir a <span style=\"color: #ff8254;\"><a style=\"color: #ff8254;\" href=\"mailto:edomergue@clacso.edu.ar\" target=\"_blank\" rel=\"noopener\">edomergue@clacso.edu.ar<\/a>.<\/span><\/li>\n<li dir=\"ltr\">Cuentan con la opci\u00f3n de subir sus materiales nuestro espacio de CLACSO.tv \u2013<span style=\"color: #ff8254;\"> <a style=\"color: #ff8254;\" href=\"https:\/\/clacso.tv\/\" target=\"_blank\" rel=\"noopener\" data-saferedirecturl=\"https:\/\/www.google.com\/url?q=https:\/\/clacso.tv\/&amp;source=gmail&amp;ust=1670615659316000&amp;usg=AOvVaw0iIXpJh4YgPD3OnOTxAHfP\">https:\/\/clacso.tv\/<\/a> <\/span>\u2013 para la difusi\u00f3n de sus materiales audiovisuales, y CLACSO Radio \u2013 <span style=\"color: #ff8254;\"><a style=\"color: #ff8254;\" href=\"https:\/\/www.clacso.org\/comunicacion\/clacso-radio\/\" target=\"_blank\" rel=\"noopener\" data-saferedirecturl=\"https:\/\/www.google.com\/url?q=https:\/\/www.clacso.org\/comunicacion\/clacso-radio\/&amp;source=gmail&amp;ust=1670615659316000&amp;usg=AOvVaw3pDbWQDvDKLzvIouIofriq\">https:\/\/www.clacso.org\/<wbr \/>comunicacion\/clacso-radio\/<\/a><\/span> \u2013 para sus podcasts.<\/li>\n<li dir=\"ltr\">Tambi\u00e9n est\u00e1n invitados a publicar sus art\u00edculos acad\u00e9micos en la revista cient\u00edfica peri\u00f3dica de CLACSO \u201cTramas y Redes\u201d:<span style=\"color: #ff8254;\"> <a style=\"color: #ff8254;\" href=\"https:\/\/www.clacso.org\/tramas-y-redes\/\" target=\"_blank\" rel=\"noopener\" data-saferedirecturl=\"https:\/\/www.google.com\/url?q=https:\/\/www.clacso.org\/tramas-y-redes\/&amp;source=gmail&amp;ust=1670615659316000&amp;usg=AOvVaw0_Q9_WmNdYLwr2CEUDfXEZ\">https:\/\/www.clacso.org\/tramas-<wbr \/>y-redes\/<\/a>.<\/span><\/li>\n<li dir=\"ltr\">La Librer\u00eda Latinoamericana y Caribe\u00f1a de Ciencias Sociales es un espacio abierto a que difundan sus libros y publicaciones: <span style=\"color: #ff8254;\"><a style=\"color: #ff8254;\" href=\"https:\/\/www.clacso.org.ar\/libreria-latinoamericana\/inicio.php\" target=\"_blank\" rel=\"noopener\" data-saferedirecturl=\"https:\/\/www.google.com\/url?q=https:\/\/www.clacso.org.ar\/libreria-latinoamericana\/inicio.php&amp;source=gmail&amp;ust=1670615659316000&amp;usg=AOvVaw0plH_keVwnHM04yATzHLpF\">https:\/\/www.clacso.org.ar\/<wbr \/>libreria-latinoamericana\/<wbr \/>inicio.php<\/a>.<\/span><\/li>\n<li dir=\"ltr\">Cuentan con la posibilidad de subir todas sus actividades al calendario de CLACSO solicitando un usuario y clave que les ser\u00e1n enviados por el \u00e1rea de sistemas de CLACSO.<\/li>\n<li dir=\"ltr\">Tienen a disposici\u00f3n una plataforma para la Colecci\u00f3n Red de Posgrados en Ciencias Sociales: <span style=\"color: #ff8254;\"><a style=\"color: #ff8254;\" href=\"https:\/\/www.clacso.org\/formacion\/publicaciones\/\" target=\"_blank\" rel=\"noopener\" data-saferedirecturl=\"https:\/\/www.google.com\/url?q=https:\/\/www.clacso.org\/formacion\/publicaciones\/&amp;source=gmail&amp;ust=1670615659316000&amp;usg=AOvVaw3dPyNcVWZKRjqshSoCc3-E\">https:\/\/www.clacso.org\/<wbr \/>formacion\/publicaciones\/<\/a>.<\/span><\/li>\n<li dir=\"ltr\"><span style=\"color: #ff8254;\">Disponen de un amplio sistema de Becas: <a style=\"color: #ff8254;\" href=\"https:\/\/www.clacso.org\/becas\/concursos\/\" target=\"_blank\" rel=\"noopener\" data-saferedirecturl=\"https:\/\/www.google.com\/url?q=https:\/\/www.clacso.org\/becas\/concursos\/&amp;source=gmail&amp;ust=1670615659316000&amp;usg=AOvVaw2d0xG27YTpXgjrW_rdDRV4\">https:\/\/www.clacso.org\/becas\/<wbr \/>concursos\/<\/a>.<\/span><\/li>\n<li dir=\"ltr\">Cuentan asimismo con el Foro Latinoamericano sobre Evaluaci\u00f3n Cient\u00edfica (FOLEC), un espacio regional de debate e intercambio sobre los sentidos, las pol\u00edticas y las pr\u00e1cticas de los procesos de evaluaci\u00f3n del quehacer cient\u00edfico en la regi\u00f3n:<span style=\"color: #ff8254;\"> <a style=\"color: #ff8254;\" href=\"https:\/\/www.clacso.org\/folec\/\" target=\"_blank\" rel=\"noopener\" data-saferedirecturl=\"https:\/\/www.google.com\/url?q=https:\/\/www.clacso.org\/folec\/&amp;source=gmail&amp;ust=1670615659317000&amp;usg=AOvVaw3chINL9fFjklRB53nUYzGc\">https:\/\/www.clacso.org\/folec\/<\/a>.<\/span><\/li>\n<\/ul>\n<p dir=\"ltr\">Es un gran honor para m\u00ed, en nombre de CLACSO, darle la m\u00e1s cordial bienvenida a la mayor red de ciencias sociales y humanidades de Am\u00e9rica Latina y el Caribe.<\/p>\n<p dir=\"ltr\">Quedamos a su entera disposici\u00f3n para proporcionarle cualquier informaci\u00f3n complementaria que considere necesaria.<\/p>\n<p dir=\"ltr\">Le hago llegar un fraternal saludo,<\/p>\n<p dir=\"ltr\"><span style=\"color: #ff8254;\"><strong>Karina Batthy\u00e1ny<\/strong><\/span><\/p>\n<p dir=\"ltr\">Directora Ejecutiva<\/p>\n<hr \/>\n<p><b style=\"color: #ff8254;\">Asociaciones,\u00a0CLACSO<\/b><\/p>\n<p>Consejo Latinoamericano de Ciencias Sociales<\/p>\n<\/div>\n<div>\n<div dir=\"ltr\" data-smartmail=\"gmail_signature\">\n<div dir=\"ltr\">\n<div><\/div>\n<\/div>\n<\/div>\n<\/div>","protected":false},"excerpt":{"rendered":"<p>Buenos Aires, 6 de diciembre de 2022 Corporaci\u00f3n de Estudios Avanzados en Trabajo Social Luis Marcelo Torres Fuentes Chile PRESENTE\u00a0 En mi calidad de Directora Ejecutiva del Consejo Latinoamericano de Ciencias Sociales (CLACSO), tengo el agrado de dirigirme a Ud. &hellip; <\/p>","protected":false},"author":1,"featured_media":15173,"comment_status":"open","ping_status":"open","sticky":false,"template":"","format":"standard","meta":{"_bbp_topic_count":0,"_bbp_reply_count":0,"_bbp_total_topic_count":0,"_bbp_total_reply_count":0,"_bbp_voice_count":0,"_bbp_anonymous_reply_count":0,"_bbp_topic_count_hidden":0,"_bbp_reply_count_hidden":0,"_bbp_forum_subforum_count":0,"pmpro_default_level":"","footnotes":""},"categories":[16],"tags":[6668,6543,6667,6536],"class_list":["post-15172","post","type-post","status-publish","format-standard","has-post-thumbnail","hentry","category-blog","tag-asociacion","tag-ceatso","tag-clacso","tag-trabajo-social","pmpro-has-access"],"yoast_head":"<!-- This site is optimized with the Yoast SEO plugin v25.3 - https:\/\/yoast.com\/wordpress\/plugins\/seo\/ -->\n<title>Ceatso se integra a CLACSO, la red m\u00e1s importante de Am\u00e9rica latina - CEATSO<\/title>\n<meta name=\"robots\" content=\"index, follow, max-snippet:-1, max-image-preview:large, max-video-preview:-1\" \/>\n<link rel=\"canonical\" href=\"https:\/\/ceatso.com\/es\/clacso\/\" \/>\n<meta property=\"og:locale\" content=\"es_ES\" \/>\n<meta property=\"og:type\" content=\"article\" \/>\n<meta property=\"og:title\" content=\"Ceatso se integra a CLACSO, la red m\u00e1s importante de Am\u00e9rica latina - CEATSO\" \/>\n<meta property=\"og:description\" content=\"Buenos Aires, 6 de diciembre de 2022 Corporaci\u00f3n de Estudios Avanzados en Trabajo Social Luis Marcelo Torres Fuentes Chile PRESENTE\u00a0 En mi calidad de Directora Ejecutiva del Consejo Latinoamericano de Ciencias Sociales (CLACSO), tengo el agrado de dirigirme a Ud. &hellip;\" \/>\n<meta property=\"og:url\" content=\"https:\/\/ceatso.com\/es\/clacso\/\" \/>\n<meta property=\"og:site_name\" content=\"CEATSO\" \/>\n<meta property=\"article:published_time\" content=\"2022-12-08T20:12:55+00:00\" \/>\n<meta property=\"og:image\" content=\"https:\/\/ceatso.com\/wp-content\/uploads\/2022\/12\/Clacso-img-destacada.png\" \/>\n\t<meta property=\"og:image:width\" content=\"1080\" \/>\n\t<meta property=\"og:image:height\" content=\"570\" \/>\n\t<meta property=\"og:image:type\" content=\"image\/png\" \/>\n<meta name=\"author\" content=\"Dr. Marcelo Torres F.\" \/>\n<meta name=\"twitter:card\" content=\"summary_large_image\" \/>\n<meta name=\"twitter:label1\" content=\"Escrito por\" \/>\n\t<meta name=\"twitter:data1\" content=\"Dr. Marcelo Torres F.\" \/>\n\t<meta name=\"twitter:label2\" content=\"Tiempo de lectura\" \/>\n\t<meta name=\"twitter:data2\" content=\"3 minutos\" \/>\n<script type=\"application\/ld+json\" class=\"yoast-schema-graph\">{\"@context\":\"https:\/\/schema.org\",\"@graph\":[{\"@type\":\"Article\",\"@id\":\"https:\/\/ceatso.com\/clacso\/#article\",\"isPartOf\":{\"@id\":\"https:\/\/ceatso.com\/clacso\/\"},\"author\":{\"name\":\"Dr. Marcelo Torres F.\",\"@id\":\"https:\/\/ceatso.com\/#\/schema\/person\/e053105cf88080646e567c56f5650eae\"},\"headline\":\"Ceatso se integra a CLACSO, la red m\u00e1s importante de Am\u00e9rica latina\",\"datePublished\":\"2022-12-08T20:12:55+00:00\",\"mainEntityOfPage\":{\"@id\":\"https:\/\/ceatso.com\/clacso\/\"},\"wordCount\":541,\"commentCount\":0,\"publisher\":{\"@id\":\"https:\/\/ceatso.com\/#organization\"},\"image\":{\"@id\":\"https:\/\/ceatso.com\/clacso\/#primaryimage\"},\"thumbnailUrl\":\"https:\/\/ceatso.com\/wp-content\/uploads\/2022\/12\/Clacso-img-destacada.png\",\"keywords\":[\"Asociaci\u00f3n\",\"ceatso\",\"CLACSO\",\"Trabajo Social\"],\"articleSection\":[\"Blog\"],\"inLanguage\":\"es\"},{\"@type\":\"WebPage\",\"@id\":\"https:\/\/ceatso.com\/clacso\/\",\"url\":\"https:\/\/ceatso.com\/clacso\/\",\"name\":\"Ceatso se integra a CLACSO, la red m\u00e1s importante de Am\u00e9rica latina - CEATSO\",\"isPartOf\":{\"@id\":\"https:\/\/ceatso.com\/#website\"},\"primaryImageOfPage\":{\"@id\":\"https:\/\/ceatso.com\/clacso\/#primaryimage\"},\"image\":{\"@id\":\"https:\/\/ceatso.com\/clacso\/#primaryimage\"},\"thumbnailUrl\":\"https:\/\/ceatso.com\/wp-content\/uploads\/2022\/12\/Clacso-img-destacada.png\",\"datePublished\":\"2022-12-08T20:12:55+00:00\",\"breadcrumb\":{\"@id\":\"https:\/\/ceatso.com\/clacso\/#breadcrumb\"},\"inLanguage\":\"es\",\"potentialAction\":[{\"@type\":\"ReadAction\",\"target\":[\"https:\/\/ceatso.com\/clacso\/\"]}]},{\"@type\":\"ImageObject\",\"inLanguage\":\"es\",\"@id\":\"https:\/\/ceatso.com\/clacso\/#primaryimage\",\"url\":\"https:\/\/ceatso.com\/wp-content\/uploads\/2022\/12\/Clacso-img-destacada.png\",\"contentUrl\":\"https:\/\/ceatso.com\/wp-content\/uploads\/2022\/12\/Clacso-img-destacada.png\",\"width\":1080,\"height\":570},{\"@type\":\"BreadcrumbList\",\"@id\":\"https:\/\/ceatso.com\/clacso\/#breadcrumb\",\"itemListElement\":[{\"@type\":\"ListItem\",\"position\":1,\"name\":\"Portada\",\"item\":\"https:\/\/ceatso.com\/\"},{\"@type\":\"ListItem\",\"position\":2,\"name\":\"Ceatso se integra a CLACSO, la red m\u00e1s importante de Am\u00e9rica latina\"}]},{\"@type\":\"WebSite\",\"@id\":\"https:\/\/ceatso.com\/#website\",\"url\":\"https:\/\/ceatso.com\/\",\"name\":\"CEATSO\",\"description\":\"Corporacion de Estudios Avanzados en Trabajo Social\",\"publisher\":{\"@id\":\"https:\/\/ceatso.com\/#organization\"},\"potentialAction\":[{\"@type\":\"SearchAction\",\"target\":{\"@type\":\"EntryPoint\",\"urlTemplate\":\"https:\/\/ceatso.com\/?s={search_term_string}\"},\"query-input\":{\"@type\":\"PropertyValueSpecification\",\"valueRequired\":true,\"valueName\":\"search_term_string\"}}],\"inLanguage\":\"es\"},{\"@type\":\"Organization\",\"@id\":\"https:\/\/ceatso.com\/#organization\",\"name\":\"Corporaci\u00f3n de Estudios Avanzados En Trabajo Social | CEATSO\",\"url\":\"https:\/\/ceatso.com\/\",\"logo\":{\"@type\":\"ImageObject\",\"inLanguage\":\"es\",\"@id\":\"https:\/\/ceatso.com\/#\/schema\/logo\/image\/\",\"url\":\"https:\/\/ceatso.com\/wp-content\/uploads\/2019\/05\/Logro-Negro.png\",\"contentUrl\":\"https:\/\/ceatso.com\/wp-content\/uploads\/2019\/05\/Logro-Negro.png\",\"width\":569,\"height\":164,\"caption\":\"Corporaci\u00f3n de Estudios Avanzados En Trabajo Social | CEATSO\"},\"image\":{\"@id\":\"https:\/\/ceatso.com\/#\/schema\/logo\/image\/\"}},{\"@type\":\"Person\",\"@id\":\"https:\/\/ceatso.com\/#\/schema\/person\/e053105cf88080646e567c56f5650eae\",\"name\":\"Dr. Marcelo Torres F.\",\"image\":{\"@type\":\"ImageObject\",\"inLanguage\":\"es\",\"@id\":\"https:\/\/ceatso.com\/#\/schema\/person\/image\/\",\"url\":\"https:\/\/secure.gravatar.com\/avatar\/54cbfc5ddca605f895265c639a9a5b90785a9be3ac405613fd4922f6334b8f44?s=96&d=mm&r=g\",\"contentUrl\":\"https:\/\/secure.gravatar.com\/avatar\/54cbfc5ddca605f895265c639a9a5b90785a9be3ac405613fd4922f6334b8f44?s=96&d=mm&r=g\",\"caption\":\"Dr. Marcelo Torres F.\"},\"url\":\"https:\/\/ceatso.com\/es\/author\/admin\/\"}]}<\/script>\n<!-- \/ Yoast SEO plugin. -->","yoast_head_json":{"title":"Ceatso se integra a CLACSO, la red m\u00e1s importante de Am\u00e9rica latina - CEATSO","robots":{"index":"index","follow":"follow","max-snippet":"max-snippet:-1","max-image-preview":"max-image-preview:large","max-video-preview":"max-video-preview:-1"},"canonical":"https:\/\/ceatso.com\/es\/clacso\/","og_locale":"es_ES","og_type":"article","og_title":"Ceatso se integra a CLACSO, la red m\u00e1s importante de Am\u00e9rica latina - CEATSO","og_description":"Buenos Aires, 6 de diciembre de 2022 Corporaci\u00f3n de Estudios Avanzados en Trabajo Social Luis Marcelo Torres Fuentes Chile PRESENTE\u00a0 En mi calidad de Directora Ejecutiva del Consejo Latinoamericano de Ciencias Sociales (CLACSO), tengo el agrado de dirigirme a Ud. &hellip;","og_url":"https:\/\/ceatso.com\/es\/clacso\/","og_site_name":"CEATSO","article_published_time":"2022-12-08T20:12:55+00:00","og_image":[{"width":1080,"height":570,"url":"https:\/\/ceatso.com\/wp-content\/uploads\/2022\/12\/Clacso-img-destacada.png","type":"image\/png"}],"author":"Dr. Marcelo Torres F.","twitter_card":"summary_large_image","twitter_misc":{"Escrito por":"Dr. Marcelo Torres F.","Tiempo de lectura":"3 minutos"},"schema":{"@context":"https:\/\/schema.org","@graph":[{"@type":"Article","@id":"https:\/\/ceatso.com\/clacso\/#article","isPartOf":{"@id":"https:\/\/ceatso.com\/clacso\/"},"author":{"name":"Dr. Marcelo Torres F.","@id":"https:\/\/ceatso.com\/#\/schema\/person\/e053105cf88080646e567c56f5650eae"},"headline":"Ceatso se integra a CLACSO, la red m\u00e1s importante de Am\u00e9rica latina","datePublished":"2022-12-08T20:12:55+00:00","mainEntityOfPage":{"@id":"https:\/\/ceatso.com\/clacso\/"},"wordCount":541,"commentCount":0,"publisher":{"@id":"https:\/\/ceatso.com\/#organization"},"image":{"@id":"https:\/\/ceatso.com\/clacso\/#primaryimage"},"thumbnailUrl":"https:\/\/ceatso.com\/wp-content\/uploads\/2022\/12\/Clacso-img-destacada.png","keywords":["Asociaci\u00f3n","ceatso","CLACSO","Trabajo Social"],"articleSection":["Blog"],"inLanguage":"es"},{"@type":"WebPage","@id":"https:\/\/ceatso.com\/clacso\/","url":"https:\/\/ceatso.com\/clacso\/","name":"Ceatso se integra a CLACSO, la red m\u00e1s importante de Am\u00e9rica latina - CEATSO","isPartOf":{"@id":"https:\/\/ceatso.com\/#website"},"primaryImageOfPage":{"@id":"https:\/\/ceatso.com\/clacso\/#primaryimage"},"image":{"@id":"https:\/\/ceatso.com\/clacso\/#primaryimage"},"thumbnailUrl":"https:\/\/ceatso.com\/wp-content\/uploads\/2022\/12\/Clacso-img-destacada.png","datePublished":"2022-12-08T20:12:55+00:00","breadcrumb":{"@id":"https:\/\/ceatso.com\/clacso\/#breadcrumb"},"inLanguage":"es","potentialAction":[{"@type":"ReadAction","target":["https:\/\/ceatso.com\/clacso\/"]}]},{"@type":"ImageObject","inLanguage":"es","@id":"https:\/\/ceatso.com\/clacso\/#primaryimage","url":"https:\/\/ceatso.com\/wp-content\/uploads\/2022\/12\/Clacso-img-destacada.png","contentUrl":"https:\/\/ceatso.com\/wp-content\/uploads\/2022\/12\/Clacso-img-destacada.png","width":1080,"height":570},{"@type":"BreadcrumbList","@id":"https:\/\/ceatso.com\/clacso\/#breadcrumb","itemListElement":[{"@type":"ListItem","position":1,"name":"Portada","item":"https:\/\/ceatso.com\/"},{"@type":"ListItem","position":2,"name":"Ceatso se integra a CLACSO, la red m\u00e1s importante de Am\u00e9rica latina"}]},{"@type":"WebSite","@id":"https:\/\/ceatso.com\/#website","url":"https:\/\/ceatso.com\/","name":"CEATSO","description":"Corporacion de Estudios Avanzados en Trabajo Social","publisher":{"@id":"https:\/\/ceatso.com\/#organization"},"potentialAction":[{"@type":"SearchAction","target":{"@type":"EntryPoint","urlTemplate":"https:\/\/ceatso.com\/?s={search_term_string}"},"query-input":{"@type":"PropertyValueSpecification","valueRequired":true,"valueName":"search_term_string"}}],"inLanguage":"es"},{"@type":"Organization","@id":"https:\/\/ceatso.com\/#organization","name":"Corporaci\u00f3n de Estudios Avanzados En Trabajo Social | CEATSO","url":"https:\/\/ceatso.com\/","logo":{"@type":"ImageObject","inLanguage":"es","@id":"https:\/\/ceatso.com\/#\/schema\/logo\/image\/","url":"https:\/\/ceatso.com\/wp-content\/uploads\/2019\/05\/Logro-Negro.png","contentUrl":"https:\/\/ceatso.com\/wp-content\/uploads\/2019\/05\/Logro-Negro.png","width":569,"height":164,"caption":"Corporaci\u00f3n de Estudios Avanzados En Trabajo Social | CEATSO"},"image":{"@id":"https:\/\/ceatso.com\/#\/schema\/logo\/image\/"}},{"@type":"Person","@id":"https:\/\/ceatso.com\/#\/schema\/person\/e053105cf88080646e567c56f5650eae","name":"Dr. Marcelo Torres F.","image":{"@type":"ImageObject","inLanguage":"es","@id":"https:\/\/ceatso.com\/#\/schema\/person\/image\/","url":"https:\/\/secure.gravatar.com\/avatar\/54cbfc5ddca605f895265c639a9a5b90785a9be3ac405613fd4922f6334b8f44?s=96&d=mm&r=g","contentUrl":"https:\/\/secure.gravatar.com\/avatar\/54cbfc5ddca605f895265c639a9a5b90785a9be3ac405613fd4922f6334b8f44?s=96&d=mm&r=g","caption":"Dr. Marcelo Torres F."},"url":"https:\/\/ceatso.com\/es\/author\/admin\/"}]}},"_links":{"self":[{"href":"https:\/\/ceatso.com\/es\/wp-json\/wp\/v2\/posts\/15172","targetHints":{"allow":["GET"]}}],"collection":[{"href":"https:\/\/ceatso.com\/es\/wp-json\/wp\/v2\/posts"}],"about":[{"href":"https:\/\/ceatso.com\/es\/wp-json\/wp\/v2\/types\/post"}],"author":[{"embeddable":true,"href":"https:\/\/ceatso.com\/es\/wp-json\/wp\/v2\/users\/1"}],"replies":[{"embeddable":true,"href":"https:\/\/ceatso.com\/es\/wp-json\/wp\/v2\/comments?post=15172"}],"version-history":[{"count":2,"href":"https:\/\/ceatso.com\/es\/wp-json\/wp\/v2\/posts\/15172\/revisions"}],"predecessor-version":[{"id":15175,"href":"https:\/\/ceatso.com\/es\/wp-json\/wp\/v2\/posts\/15172\/revisions\/15175"}],"wp:featuredmedia":[{"embeddable":true,"href":"https:\/\/ceatso.com\/es\/wp-json\/wp\/v2\/media\/15173"}],"wp:attachment":[{"href":"https:\/\/ceatso.com\/es\/wp-json\/wp\/v2\/media?parent=15172"}],"wp:term":[{"taxonomy":"category","embeddable":true,"href":"https:\/\/ceatso.com\/es\/wp-json\/wp\/v2\/categories?post=15172"},{"taxonomy":"post_tag","embeddable":true,"href":"https:\/\/ceatso.com\/es\/wp-json\/wp\/v2\/tags?post=15172"}],"curies":[{"name":"wp","href":"https:\/\/api.w.org\/{rel}","templated":true}]}}