{"id":16505,"date":"2025-05-16T02:16:26","date_gmt":"2025-05-16T02:16:26","guid":{"rendered":"https:\/\/ceatso.com\/?p=16505"},"modified":"2025-05-16T02:16:56","modified_gmt":"2025-05-16T02:16:56","slug":"primer-programa-actualizacion-academicos","status":"publish","type":"post","link":"https:\/\/ceatso.com\/es\/primer-programa-actualizacion-academicos\/","title":{"rendered":"Primer Programa de Actualizaci\u00f3n para acad\u00e9mic@s"},"content":{"rendered":"<p>Iniciamos nuestro Primer Programa de Actualizaci\u00f3n para acad\u00e9mic@s responsables de los procesos formativos en el \u00e1mbito de la supervisi\u00f3n de las pr\u00e1cticas profesionales. Agradecemos a las carreras de Trabajo Social de la Universidad Nacional de Honduras, Universidad de Loja Ecuador, Universidad del Altiplano Puno y a la Universidad Cat\u00f3lica Santa Mar\u00eda de Arequipa Per\u00fa..<br \/>\nM\u00e1s informaci\u00f3n en <strong><span style=\"color: #ea7e60;\">\u00a0<a style=\"color: #ea7e60;\" href=\"https:\/\/ceatso.com\/es\/courses\/diplomado-formacion-academica-practicas-profesionales-y-estrategias-curriculares-en-trabajo-social\/\" target=\"_blank\" rel=\"noopener\">el siguiente enlace<\/a><\/span><\/strong><\/p>\n<p>Muchas gracias!!!<\/p>","protected":false},"excerpt":{"rendered":"<p>Iniciamos nuestro Primer Programa de Actualizaci\u00f3n para acad\u00e9mic@s responsables de los procesos formativos en el \u00e1mbito de la supervisi\u00f3n de las pr\u00e1cticas profesionales. Agradecemos a las carreras de Trabajo Social de la Universidad Nacional de Honduras, Universidad de Loja Ecuador, &hellip; <\/p>","protected":false},"author":1,"featured_media":16506,"comment_status":"closed","ping_status":"closed","sticky":false,"template":"","format":"standard","meta":{"_bbp_topic_count":0,"_bbp_reply_count":0,"_bbp_total_topic_count":0,"_bbp_total_reply_count":0,"_bbp_voice_count":0,"_bbp_anonymous_reply_count":0,"_bbp_topic_count_hidden":0,"_bbp_reply_count_hidden":0,"_bbp_forum_subforum_count":0,"pmpro_default_level":"","footnotes":""},"categories":[6550],"tags":[6730,6660,6729,6731],"class_list":["post-16505","post","type-post","status-publish","format-standard","has-post-thumbnail","hentry","category-articulos","tag-academicos","tag-diplomados","tag-formacion-academica","tag-practicas-profesionales","pmpro-has-access"],"yoast_head":"<!-- This site is optimized with the Yoast SEO plugin v25.3 - https:\/\/yoast.com\/wordpress\/plugins\/seo\/ -->\n<title>Primer Programa de Actualizaci\u00f3n para acad\u00e9mic@s - CEATSO<\/title>\n<meta name=\"robots\" content=\"index, follow, max-snippet:-1, max-image-preview:large, max-video-preview:-1\" \/>\n<link rel=\"canonical\" href=\"https:\/\/ceatso.com\/es\/primer-programa-actualizacion-academicos\/\" \/>\n<meta property=\"og:locale\" content=\"es_ES\" \/>\n<meta property=\"og:type\" content=\"article\" \/>\n<meta property=\"og:title\" content=\"Primer Programa de Actualizaci\u00f3n para acad\u00e9mic@s - CEATSO\" \/>\n<meta property=\"og:description\" content=\"Iniciamos nuestro Primer Programa de Actualizaci\u00f3n para acad\u00e9mic@s responsables de los procesos formativos en el \u00e1mbito de la supervisi\u00f3n de las pr\u00e1cticas profesionales. Agradecemos a las carreras de Trabajo Social de la Universidad Nacional de Honduras, Universidad de Loja Ecuador, &hellip;\" \/>\n<meta property=\"og:url\" content=\"https:\/\/ceatso.com\/es\/primer-programa-actualizacion-academicos\/\" \/>\n<meta property=\"og:site_name\" content=\"CEATSO\" \/>\n<meta property=\"article:published_time\" content=\"2025-05-16T02:16:26+00:00\" \/>\n<meta property=\"article:modified_time\" content=\"2025-05-16T02:16:56+00:00\" \/>\n<meta property=\"og:image\" content=\"https:\/\/ceatso.com\/wp-content\/uploads\/2025\/05\/Articulo-Practicas-profesionales.png\" \/>\n\t<meta property=\"og:image:width\" content=\"1080\" \/>\n\t<meta property=\"og:image:height\" content=\"570\" \/>\n\t<meta property=\"og:image:type\" content=\"image\/png\" \/>\n<meta name=\"author\" content=\"Dr. Marcelo Torres F.\" \/>\n<meta name=\"twitter:card\" content=\"summary_large_image\" \/>\n<meta name=\"twitter:label1\" content=\"Escrito por\" \/>\n\t<meta name=\"twitter:data1\" content=\"Dr. Marcelo Torres F.\" \/>\n\t<meta name=\"twitter:label2\" content=\"Tiempo de lectura\" \/>\n\t<meta name=\"twitter:data2\" content=\"1 minuto\" \/>\n<script type=\"application\/ld+json\" class=\"yoast-schema-graph\">{\"@context\":\"https:\/\/schema.org\",\"@graph\":[{\"@type\":\"Article\",\"@id\":\"https:\/\/ceatso.com\/primer-programa-actualizacion-academicos\/#article\",\"isPartOf\":{\"@id\":\"https:\/\/ceatso.com\/primer-programa-actualizacion-academicos\/\"},\"author\":{\"name\":\"Dr. Marcelo Torres F.\",\"@id\":\"https:\/\/ceatso.com\/#\/schema\/person\/e053105cf88080646e567c56f5650eae\"},\"headline\":\"Primer Programa de Actualizaci\u00f3n para acad\u00e9mic@s\",\"datePublished\":\"2025-05-16T02:16:26+00:00\",\"dateModified\":\"2025-05-16T02:16:56+00:00\",\"mainEntityOfPage\":{\"@id\":\"https:\/\/ceatso.com\/primer-programa-actualizacion-academicos\/\"},\"wordCount\":80,\"publisher\":{\"@id\":\"https:\/\/ceatso.com\/#organization\"},\"image\":{\"@id\":\"https:\/\/ceatso.com\/primer-programa-actualizacion-academicos\/#primaryimage\"},\"thumbnailUrl\":\"https:\/\/ceatso.com\/wp-content\/uploads\/2025\/05\/Articulo-Practicas-profesionales.png\",\"keywords\":[\"Acad\u00e9micos\",\"Diplomados\",\"Formaci\u00f3n acad\u00e9mica\",\"Practicas Profesionales\"],\"articleSection\":[\"Art\u00edculos\"],\"inLanguage\":\"es\"},{\"@type\":\"WebPage\",\"@id\":\"https:\/\/ceatso.com\/primer-programa-actualizacion-academicos\/\",\"url\":\"https:\/\/ceatso.com\/primer-programa-actualizacion-academicos\/\",\"name\":\"Primer Programa de Actualizaci\u00f3n para acad\u00e9mic@s - CEATSO\",\"isPartOf\":{\"@id\":\"https:\/\/ceatso.com\/#website\"},\"primaryImageOfPage\":{\"@id\":\"https:\/\/ceatso.com\/primer-programa-actualizacion-academicos\/#primaryimage\"},\"image\":{\"@id\":\"https:\/\/ceatso.com\/primer-programa-actualizacion-academicos\/#primaryimage\"},\"thumbnailUrl\":\"https:\/\/ceatso.com\/wp-content\/uploads\/2025\/05\/Articulo-Practicas-profesionales.png\",\"datePublished\":\"2025-05-16T02:16:26+00:00\",\"dateModified\":\"2025-05-16T02:16:56+00:00\",\"breadcrumb\":{\"@id\":\"https:\/\/ceatso.com\/primer-programa-actualizacion-academicos\/#breadcrumb\"},\"inLanguage\":\"es\",\"potentialAction\":[{\"@type\":\"ReadAction\",\"target\":[\"https:\/\/ceatso.com\/primer-programa-actualizacion-academicos\/\"]}]},{\"@type\":\"ImageObject\",\"inLanguage\":\"es\",\"@id\":\"https:\/\/ceatso.com\/primer-programa-actualizacion-academicos\/#primaryimage\",\"url\":\"https:\/\/ceatso.com\/wp-content\/uploads\/2025\/05\/Articulo-Practicas-profesionales.png\",\"contentUrl\":\"https:\/\/ceatso.com\/wp-content\/uploads\/2025\/05\/Articulo-Practicas-profesionales.png\",\"width\":1080,\"height\":570},{\"@type\":\"BreadcrumbList\",\"@id\":\"https:\/\/ceatso.com\/primer-programa-actualizacion-academicos\/#breadcrumb\",\"itemListElement\":[{\"@type\":\"ListItem\",\"position\":1,\"name\":\"Portada\",\"item\":\"https:\/\/ceatso.com\/\"},{\"@type\":\"ListItem\",\"position\":2,\"name\":\"Primer Programa de Actualizaci\u00f3n para acad\u00e9mic@s\"}]},{\"@type\":\"WebSite\",\"@id\":\"https:\/\/ceatso.com\/#website\",\"url\":\"https:\/\/ceatso.com\/\",\"name\":\"CEATSO\",\"description\":\"Corporacion de Estudios Avanzados en Trabajo Social\",\"publisher\":{\"@id\":\"https:\/\/ceatso.com\/#organization\"},\"potentialAction\":[{\"@type\":\"SearchAction\",\"target\":{\"@type\":\"EntryPoint\",\"urlTemplate\":\"https:\/\/ceatso.com\/?s={search_term_string}\"},\"query-input\":{\"@type\":\"PropertyValueSpecification\",\"valueRequired\":true,\"valueName\":\"search_term_string\"}}],\"inLanguage\":\"es\"},{\"@type\":\"Organization\",\"@id\":\"https:\/\/ceatso.com\/#organization\",\"name\":\"Corporaci\u00f3n de Estudios Avanzados En Trabajo Social | CEATSO\",\"url\":\"https:\/\/ceatso.com\/\",\"logo\":{\"@type\":\"ImageObject\",\"inLanguage\":\"es\",\"@id\":\"https:\/\/ceatso.com\/#\/schema\/logo\/image\/\",\"url\":\"https:\/\/ceatso.com\/wp-content\/uploads\/2019\/05\/Logro-Negro.png\",\"contentUrl\":\"https:\/\/ceatso.com\/wp-content\/uploads\/2019\/05\/Logro-Negro.png\",\"width\":569,\"height\":164,\"caption\":\"Corporaci\u00f3n de Estudios Avanzados En Trabajo Social | CEATSO\"},\"image\":{\"@id\":\"https:\/\/ceatso.com\/#\/schema\/logo\/image\/\"}},{\"@type\":\"Person\",\"@id\":\"https:\/\/ceatso.com\/#\/schema\/person\/e053105cf88080646e567c56f5650eae\",\"name\":\"Dr. Marcelo Torres F.\",\"image\":{\"@type\":\"ImageObject\",\"inLanguage\":\"es\",\"@id\":\"https:\/\/ceatso.com\/#\/schema\/person\/image\/\",\"url\":\"https:\/\/secure.gravatar.com\/avatar\/54cbfc5ddca605f895265c639a9a5b90785a9be3ac405613fd4922f6334b8f44?s=96&d=mm&r=g\",\"contentUrl\":\"https:\/\/secure.gravatar.com\/avatar\/54cbfc5ddca605f895265c639a9a5b90785a9be3ac405613fd4922f6334b8f44?s=96&d=mm&r=g\",\"caption\":\"Dr. Marcelo Torres F.\"},\"url\":\"https:\/\/ceatso.com\/es\/author\/admin\/\"}]}<\/script>\n<!-- \/ Yoast SEO plugin. -->","yoast_head_json":{"title":"Primer Programa de Actualizaci\u00f3n para acad\u00e9mic@s - CEATSO","robots":{"index":"index","follow":"follow","max-snippet":"max-snippet:-1","max-image-preview":"max-image-preview:large","max-video-preview":"max-video-preview:-1"},"canonical":"https:\/\/ceatso.com\/es\/primer-programa-actualizacion-academicos\/","og_locale":"es_ES","og_type":"article","og_title":"Primer Programa de Actualizaci\u00f3n para acad\u00e9mic@s - CEATSO","og_description":"Iniciamos nuestro Primer Programa de Actualizaci\u00f3n para acad\u00e9mic@s responsables de los procesos formativos en el \u00e1mbito de la supervisi\u00f3n de las pr\u00e1cticas profesionales. Agradecemos a las carreras de Trabajo Social de la Universidad Nacional de Honduras, Universidad de Loja Ecuador, &hellip;","og_url":"https:\/\/ceatso.com\/es\/primer-programa-actualizacion-academicos\/","og_site_name":"CEATSO","article_published_time":"2025-05-16T02:16:26+00:00","article_modified_time":"2025-05-16T02:16:56+00:00","og_image":[{"width":1080,"height":570,"url":"https:\/\/ceatso.com\/wp-content\/uploads\/2025\/05\/Articulo-Practicas-profesionales.png","type":"image\/png"}],"author":"Dr. Marcelo Torres F.","twitter_card":"summary_large_image","twitter_misc":{"Escrito por":"Dr. Marcelo Torres F.","Tiempo de lectura":"1 minuto"},"schema":{"@context":"https:\/\/schema.org","@graph":[{"@type":"Article","@id":"https:\/\/ceatso.com\/primer-programa-actualizacion-academicos\/#article","isPartOf":{"@id":"https:\/\/ceatso.com\/primer-programa-actualizacion-academicos\/"},"author":{"name":"Dr. Marcelo Torres F.","@id":"https:\/\/ceatso.com\/#\/schema\/person\/e053105cf88080646e567c56f5650eae"},"headline":"Primer Programa de Actualizaci\u00f3n para acad\u00e9mic@s","datePublished":"2025-05-16T02:16:26+00:00","dateModified":"2025-05-16T02:16:56+00:00","mainEntityOfPage":{"@id":"https:\/\/ceatso.com\/primer-programa-actualizacion-academicos\/"},"wordCount":80,"publisher":{"@id":"https:\/\/ceatso.com\/#organization"},"image":{"@id":"https:\/\/ceatso.com\/primer-programa-actualizacion-academicos\/#primaryimage"},"thumbnailUrl":"https:\/\/ceatso.com\/wp-content\/uploads\/2025\/05\/Articulo-Practicas-profesionales.png","keywords":["Acad\u00e9micos","Diplomados","Formaci\u00f3n acad\u00e9mica","Practicas Profesionales"],"articleSection":["Art\u00edculos"],"inLanguage":"es"},{"@type":"WebPage","@id":"https:\/\/ceatso.com\/primer-programa-actualizacion-academicos\/","url":"https:\/\/ceatso.com\/primer-programa-actualizacion-academicos\/","name":"Primer Programa de Actualizaci\u00f3n para acad\u00e9mic@s - CEATSO","isPartOf":{"@id":"https:\/\/ceatso.com\/#website"},"primaryImageOfPage":{"@id":"https:\/\/ceatso.com\/primer-programa-actualizacion-academicos\/#primaryimage"},"image":{"@id":"https:\/\/ceatso.com\/primer-programa-actualizacion-academicos\/#primaryimage"},"thumbnailUrl":"https:\/\/ceatso.com\/wp-content\/uploads\/2025\/05\/Articulo-Practicas-profesionales.png","datePublished":"2025-05-16T02:16:26+00:00","dateModified":"2025-05-16T02:16:56+00:00","breadcrumb":{"@id":"https:\/\/ceatso.com\/primer-programa-actualizacion-academicos\/#breadcrumb"},"inLanguage":"es","potentialAction":[{"@type":"ReadAction","target":["https:\/\/ceatso.com\/primer-programa-actualizacion-academicos\/"]}]},{"@type":"ImageObject","inLanguage":"es","@id":"https:\/\/ceatso.com\/primer-programa-actualizacion-academicos\/#primaryimage","url":"https:\/\/ceatso.com\/wp-content\/uploads\/2025\/05\/Articulo-Practicas-profesionales.png","contentUrl":"https:\/\/ceatso.com\/wp-content\/uploads\/2025\/05\/Articulo-Practicas-profesionales.png","width":1080,"height":570},{"@type":"BreadcrumbList","@id":"https:\/\/ceatso.com\/primer-programa-actualizacion-academicos\/#breadcrumb","itemListElement":[{"@type":"ListItem","position":1,"name":"Portada","item":"https:\/\/ceatso.com\/"},{"@type":"ListItem","position":2,"name":"Primer Programa de Actualizaci\u00f3n para acad\u00e9mic@s"}]},{"@type":"WebSite","@id":"https:\/\/ceatso.com\/#website","url":"https:\/\/ceatso.com\/","name":"CEATSO","description":"Corporacion de Estudios Avanzados en Trabajo Social","publisher":{"@id":"https:\/\/ceatso.com\/#organization"},"potentialAction":[{"@type":"SearchAction","target":{"@type":"EntryPoint","urlTemplate":"https:\/\/ceatso.com\/?s={search_term_string}"},"query-input":{"@type":"PropertyValueSpecification","valueRequired":true,"valueName":"search_term_string"}}],"inLanguage":"es"},{"@type":"Organization","@id":"https:\/\/ceatso.com\/#organization","name":"Corporaci\u00f3n de Estudios Avanzados En Trabajo Social | CEATSO","url":"https:\/\/ceatso.com\/","logo":{"@type":"ImageObject","inLanguage":"es","@id":"https:\/\/ceatso.com\/#\/schema\/logo\/image\/","url":"https:\/\/ceatso.com\/wp-content\/uploads\/2019\/05\/Logro-Negro.png","contentUrl":"https:\/\/ceatso.com\/wp-content\/uploads\/2019\/05\/Logro-Negro.png","width":569,"height":164,"caption":"Corporaci\u00f3n de Estudios Avanzados En Trabajo Social | CEATSO"},"image":{"@id":"https:\/\/ceatso.com\/#\/schema\/logo\/image\/"}},{"@type":"Person","@id":"https:\/\/ceatso.com\/#\/schema\/person\/e053105cf88080646e567c56f5650eae","name":"Dr. Marcelo Torres F.","image":{"@type":"ImageObject","inLanguage":"es","@id":"https:\/\/ceatso.com\/#\/schema\/person\/image\/","url":"https:\/\/secure.gravatar.com\/avatar\/54cbfc5ddca605f895265c639a9a5b90785a9be3ac405613fd4922f6334b8f44?s=96&d=mm&r=g","contentUrl":"https:\/\/secure.gravatar.com\/avatar\/54cbfc5ddca605f895265c639a9a5b90785a9be3ac405613fd4922f6334b8f44?s=96&d=mm&r=g","caption":"Dr. Marcelo Torres F."},"url":"https:\/\/ceatso.com\/es\/author\/admin\/"}]}},"_links":{"self":[{"href":"https:\/\/ceatso.com\/es\/wp-json\/wp\/v2\/posts\/16505","targetHints":{"allow":["GET"]}}],"collection":[{"href":"https:\/\/ceatso.com\/es\/wp-json\/wp\/v2\/posts"}],"about":[{"href":"https:\/\/ceatso.com\/es\/wp-json\/wp\/v2\/types\/post"}],"author":[{"embeddable":true,"href":"https:\/\/ceatso.com\/es\/wp-json\/wp\/v2\/users\/1"}],"replies":[{"embeddable":true,"href":"https:\/\/ceatso.com\/es\/wp-json\/wp\/v2\/comments?post=16505"}],"version-history":[{"count":2,"href":"https:\/\/ceatso.com\/es\/wp-json\/wp\/v2\/posts\/16505\/revisions"}],"predecessor-version":[{"id":16508,"href":"https:\/\/ceatso.com\/es\/wp-json\/wp\/v2\/posts\/16505\/revisions\/16508"}],"wp:featuredmedia":[{"embeddable":true,"href":"https:\/\/ceatso.com\/es\/wp-json\/wp\/v2\/media\/16506"}],"wp:attachment":[{"href":"https:\/\/ceatso.com\/es\/wp-json\/wp\/v2\/media?parent=16505"}],"wp:term":[{"taxonomy":"category","embeddable":true,"href":"https:\/\/ceatso.com\/es\/wp-json\/wp\/v2\/categories?post=16505"},{"taxonomy":"post_tag","embeddable":true,"href":"https:\/\/ceatso.com\/es\/wp-json\/wp\/v2\/tags?post=16505"}],"curies":[{"name":"wp","href":"https:\/\/api.w.org\/{rel}","templated":true}]}}